{"id":947,"date":"2019-08-08T17:01:22","date_gmt":"2019-08-08T21:01:22","guid":{"rendered":"http:\/\/www.escalando.org\/anticristo\/?p=947"},"modified":"2021-10-26T17:22:32","modified_gmt":"2021-10-26T21:22:32","slug":"accidentes-abril-2018-octubre-2018","status":"publish","type":"post","link":"https:\/\/www.escalando.org\/anticristo\/accidentes-abril-2018-octubre-2018\/","title":{"rendered":"Accidentes Abril &#8211; Octubre 2018"},"content":{"rendered":"\n<div id=\"Contenido\">\n<div id=\"Fecha\">Agosto 2019<\/div>\n<div class=\"PrrafoPrimero\">Estimados, como es habitual, ha llegado la hora de revisar todos los accidentes fatales que hayan sucedido en nuestros ambientes de monta\u00f1a entre marzo y octubre del 2018 (inclusive).<\/div>\n<div class=\"Prrafo\">Las reglas siguen siendo las mismas de siempre, entre ellas que aqu\u00ed solo nos enfocamos en los hechos y sin entrar en interpretaciones o b\u00fasquedas de negligencias. En lo que s\u00ed hay un cambio con respecto a lo que se ven\u00eda haciendo hasta ahora, es que a partir de hoy no mencionar\u00e9 los nombres de las personas que me han ayudado a conseguir los datos necesarios para redactar estos reportes. Por una muy simple raz\u00f3n: para protegerlos dado lo delicado del tema.<\/div>\n<div class=\"Prrafo\">Expresado lo cual, comencemos con el recuento siguiendo un estricto orden cronol\u00f3gico.<\/div>\n<div class=\"Seccin\">Pared Sur del Arenas<\/div>\n<div class=\"Prrafo\">El escalador chileno Fernando Mingram, de 28 a\u00f1os de edad, intentaba la Pared Sur del Arenas en solitario el domingo 6 de mayo. Sin embargo, esa noche no lleg\u00f3 de regreso a su campamento tal y como estaba acordado con algunos amigos que ah\u00ed lo esperaban; lo que primero provoc\u00f3 preocupaci\u00f3n y, despu\u00e9s, la notificaci\u00f3n de lo ocurrido a Carabineros de Chile.<\/div>\n<div class=\"Prrafo\">Al d\u00eda siguiente, un helic\u00f3ptero de esta instituci\u00f3n pudo avistar desde el aire, tras varios sobrevuelos, lo que parec\u00eda ser el cuerpo inm\u00f3vil de una persona. Luego de lo cual el aparato depositar\u00eda, en la meseta intermedia que tiene esta Pared, a una cordada c\u00edvico- militar que, pasado el mediod\u00eda, confirm\u00f3 que lo observado correspond\u00eda al cuerpo sin vida de Mingram.<\/div>\n<div class=\"Prrafo\">La informaci\u00f3n circunstancial recopilada por los rescatistas permite conjeturar que el accidente debi\u00f3 suceder en los \u00faltimos metros de la ruta; cuando Mingram, escalando autoasegurado, se habr\u00eda colgado de un clavo que terminar\u00eda por salirse. Ca\u00edda que, lamentablemente, tampoco podr\u00eda ser detenida por el anclaje de la reuni\u00f3n ubicada m\u00e1s abajo, debido a que \u00e9sta tambi\u00e9n se reventar\u00eda debido a la magnitud de las fuerzas involucradas.<\/div>\n<div class=\"Seccin\">Provincia<\/div>\n<div class=\"Prrafo\">Pasado el mediod\u00eda del martes 5 de junio, Crist\u00f3bal Giadach (33), profesor de la Universidad Diego Portales, se dirigi\u00f3 a los faldeos del cerro Provincia para lo que en un principio se pens\u00f3 era una m\u00e1s de las caminatas que gustaba de realizar. Sin embargo, al pasar las horas y desaparecer cualquier tipo de comunicaci\u00f3n con \u00e9l, surgi\u00f3 una creciente preocupaci\u00f3n que deriv\u00f3 en alg\u00fan momento en una denuncia por presunta desgracia.<\/div>\n<div class=\"Prrafo\">La subsecuente b\u00fasqueda (que incluy\u00f3 el uso de drones) se hizo con precauci\u00f3n debido a que Carabineros pudo comprobar que Giadach hab\u00eda comprado cianuro d\u00edas antes de subir el cerro. Hasta que en la tarde del s\u00e1bado 9 de junio se localizaron sus restos mortales a no m\u00e1s de 20 minutos del estadio de la Universidad Cat\u00f3lica en San Carlos de Apoquindo.<\/div>\n<div class=\"Prrafo\">Posteriormente se comprobar\u00eda que efectivamente Giadach se hab\u00eda quitado la vida con cianuro.<\/div>\n<div class=\"Seccin\">Neltume<\/div>\n<div class=\"Prrafo\">Un grupo de dos profesores, dos ayudantes y 55 alumnos de la carrera de Geolog\u00eda de la Universidad Austral se encontraba realizando pr\u00e1cticas en terreno en el sector cordillerano de La Cantera, en las cercan\u00edas de Neltume. Cuando, aproximadamente a las 16:30 horas del 9 de junio, se produjo un desprendimiento de tierra, piedras y arbustos que impact\u00f3 a ocho alumnos.<\/div>\n<div class=\"Prrafo\">La mayor\u00eda de ellos sufri\u00f3 heridas sin riesgo vital; no as\u00ed Cristi\u00e1n Contreras, de 24 a\u00f1os de edad, quien result\u00f3 con un TEC cerrado tan grave que, a pesar de ser evacuado r\u00e1pidamente al Hospital de Panguipulli, acabar\u00eda por fallecer en dicho recinto a las 18:00 horas debido a un paro respiratorio.<\/div>\n<div class=\"Seccin\">El Toro<\/div>\n<div class=\"Prrafo\">El mi\u00e9rcoles 11 de julio, el monta\u00f1ista Marcelo Alfaro (54) lleg\u00f3 a la zona del valle del Toro, comuna de Molina. Al d\u00eda siguiente sali\u00f3 del camping donde alojaba pero no regres\u00f3. Lo que fue tan extra\u00f1o (su veh\u00edculo, la carpa y parte de sus pertenencias continuaba en el sitio) que el due\u00f1o del lugar decidi\u00f3 dar aviso de lo ocurrido a Carabineros.<\/div>\n<div class=\"Prrafo\">Tras barrerse la zona por varios d\u00edas, sus restos sin vida ser\u00edan encontrados en la tarde del viernes 20, al costado de unos paredones en el kil\u00f3metro 19 de la ruta K-275. Aproximadamente a un kil\u00f3metro desde donde hab\u00eda salido.<\/div>\n<div class=\"Prrafo\">Entendiendo que no existe forma de verificar exactamente lo sucedido, y dado que se puede descartar que su accidente se haya debido a que anduviera escalando (Alfaro no tra\u00eda consigo el equipo respectivo), la teor\u00eda que suscita mayor consenso es que se habr\u00eda ca\u00eddo, sin querer, desde lo alto de los farellones debido a la oscuridad reinante (su linterna se encontraba en el campamento).<\/div>\n<div class=\"Seccin\">Malalcura<\/div>\n<div class=\"Prrafo\">El chileno David Abdala (21) y las estadounidenses Rose Franke (23) y Hannah Bozzy (25) entraron en la tarde del s\u00e1bado 13 de octubre al camping Malalcura (a 22 kil\u00f3metros de Antuco), con la intenci\u00f3n de visitar las cascadas que all\u00ed se encuentran.<\/div>\n<div class=\"Prrafo\">En la ma\u00f1ana del d\u00eda siguiente, el administrador del sitio fue a verificar el estado de las tuber\u00edas que surten de agua al recinto. Desplazamiento en los cuales encontr\u00f3 mochilas y ropas al borde de uno de los pozones que forma el r\u00edo Malalcura; pero sin se\u00f1ales de sus due\u00f1os. Lo que deriv\u00f3 primero en preocupaci\u00f3n y, despu\u00e9s, tras movimientos varios, en la presentaci\u00f3n en la tarde del domingo, de una denuncia por presunta desgracia.<\/div>\n<div class=\"Prrafo\">A pesar que en esos mismos instantes comenzar\u00eda un procedimiento de b\u00fasqueda, solo alrededor del mediod\u00eda del lunes se ubicar\u00edan los cuerpos sin vida de los tres j\u00f3venes en distintas secciones de la cascada.<\/div>\n<div class=\"Prrafo\">La informaci\u00f3n recabada permite conjeturar que, dado que los objetos y vestimentas que se encontraron al borde del agua estaban secos y pertenec\u00edan a solo una persona (Bozzy), lo m\u00e1s probable es que ella se haya sumergido en el poz\u00f3n y, por alguna raz\u00f3n (lo resbaladizo de las rocas y\/o lo fuerte de la corriente) termin\u00f3 por ser arrastrada hacia el borde de la cascada. Lo cual de seguro desencaden\u00f3 un inmediato intento de ayuda por parte de sus compa\u00f1eros; uno que claramente no fructific\u00f3, porque eventualmente todos ellos caer\u00edan por el curso de agua.<\/div>\n<div class=\"Seccin\">Reflexiones<\/div>\n<div class=\"Prrafo\">Si prestan atenci\u00f3n a estos incidentes, y a diferencia de lo que hab\u00eda estado sucediendo casi constantemente en los \u00faltimos a\u00f1os, solo uno de ellos corresponde a lo que conforma el n\u00facleo de lo que nos re\u00fane: el monta\u00f1ismo y la escalada. Situaci\u00f3n que pone sobre el tapete, de nuevo, qu\u00e9 tan pertinente es incluir en estos recuentos accidentes fatales de actividades que, si bien comparten el mismo escenario geogr\u00e1fico, obedecen a din\u00e1micas dis\u00edmiles.<\/div>\n<div class=\"Prrafo\">La cuesti\u00f3n es v\u00e1lida y, por supuesto no hay una sola respuesta. Algunos consideran que incorporarlos solo distrae, mientras que otros plantean que s\u00ed corresponde incluirlos, dado que solo de esa manera se puede transparentar el real nivel de riesgo que estas actividades tienen.<\/div>\n<div class=\"Prrafo\">\u00bfMi posici\u00f3n? Muy simple. Armar una recopilaci\u00f3n de car\u00e1cter inclusivo. Con el objetivo de entregar la mayor cantidad posible de informaci\u00f3n veros\u00edmil a las personas, para que ellas puedan decidir por s\u00ed mismas a qu\u00e9 le deben prestar atenci\u00f3n y a qu\u00e9 no.<\/div>\n<div class=\"Prrafo\">Cu\u00eddense y nos vemos en el siguiente recuento.<\/div>\n<div class=\"Firma\">El Anticristo<br><a href=\"mailto:anticristo@aruficax.cl\">anticristo@aruficax.cl<\/a><\/div>\n<\/div>\n\n\n\n<p><\/p>\n\n<!-- Facebook Like Button v1.9.6 BEGIN [http:\/\/blog.bottomlessinc.com] -->\n<iframe src=\"http:\/\/www.facebook.com\/plugins\/like.php?href=https%3A%2F%2Fwww.escalando.org%2Fanticristo%2Faccidentes-abril-2018-octubre-2018%2F&amp;layout=standard&amp;show_faces=true&amp;width=450&amp;action=like&amp;colorscheme=light\" scrolling=\"no\" frameborder=\"0\" allowTransparency=\"true\" style=\"border:none; overflow:hidden; width:450px; height: 100px; align: left; margin: 20px 0px 2px 0px\"><\/iframe>\n<!-- Facebook Like Button END -->\n","protected":false},"excerpt":{"rendered":"<p>Recuento de los accidentes fatales ocurridos en los ambientes de monta\u00f1a de Chile entre abril del 2018 y octubre del 2019.<\/p>\n","protected":false},"author":2,"featured_media":0,"comment_status":"open","ping_status":"closed","sticky":false,"template":"","format":"standard","meta":{"_et_pb_use_builder":"","_et_pb_old_content":"","_et_gb_content_width":"","_s2mail":"yes","footnotes":""},"categories":[3],"tags":[],"class_list":["post-947","post","type-post","status-publish","format-standard","hentry","category-articulospublicados"],"_links":{"self":[{"href":"https:\/\/www.escalando.org\/anticristo\/wp-json\/wp\/v2\/posts\/947","targetHints":{"allow":["GET"]}}],"collection":[{"href":"https:\/\/www.escalando.org\/anticristo\/wp-json\/wp\/v2\/posts"}],"about":[{"href":"https:\/\/www.escalando.org\/anticristo\/wp-json\/wp\/v2\/types\/post"}],"author":[{"embeddable":true,"href":"https:\/\/www.escalando.org\/anticristo\/wp-json\/wp\/v2\/users\/2"}],"replies":[{"embeddable":true,"href":"https:\/\/www.escalando.org\/anticristo\/wp-json\/wp\/v2\/comments?post=947"}],"version-history":[{"count":25,"href":"https:\/\/www.escalando.org\/anticristo\/wp-json\/wp\/v2\/posts\/947\/revisions"}],"predecessor-version":[{"id":1210,"href":"https:\/\/www.escalando.org\/anticristo\/wp-json\/wp\/v2\/posts\/947\/revisions\/1210"}],"wp:attachment":[{"href":"https:\/\/www.escalando.org\/anticristo\/wp-json\/wp\/v2\/media?parent=947"}],"wp:term":[{"taxonomy":"category","embeddable":true,"href":"https:\/\/www.escalando.org\/anticristo\/wp-json\/wp\/v2\/categories?post=947"},{"taxonomy":"post_tag","embeddable":true,"href":"https:\/\/www.escalando.org\/anticristo\/wp-json\/wp\/v2\/tags?post=947"}],"curies":[{"name":"wp","href":"https:\/\/api.w.org\/{rel}","templated":true}]}}