{"id":924,"date":"2018-03-05T17:17:57","date_gmt":"2018-03-05T21:17:57","guid":{"rendered":"http:\/\/www.escalando.org\/anticristo\/?p=924"},"modified":"2021-10-26T17:25:01","modified_gmt":"2021-10-26T21:25:01","slug":"accidentes-temporada-baja-2017","status":"publish","type":"post","link":"https:\/\/www.escalando.org\/anticristo\/accidentes-temporada-baja-2017\/","title":{"rendered":"Accidentes Temporada Baja 2017"},"content":{"rendered":"<div id=\"Contenido\">\n<div id=\"Fecha\">Enero 2018<\/div>\n<div class=\"PrrafoPrimero\">Con ustedes, a continuaci\u00f3n, el recuento de los accidentes fatales que ocurrieron o afectaron a nuestra comunidad de monta\u00f1istas, escaladores, excursionistas y otros, ocurridos entre abril y septiembre del 2017 inclusive. O sea, esos 6 meses que, dado el momento del a\u00f1o en el que se producen, tienden a entregar una problem\u00e1tica invernal. El cual, como adem\u00e1s supone en t\u00e9rminos relativos un menor flujo de visitantes, justifica denominarlo como temporada baja.<\/div>\n<div class=\"Prrafo\">Otra cosa. Por si no lo sab\u00edan, este recuento es hecho a pulso, sin la existencia de instituciones o protocolos formales de comunicaci\u00f3n que permitan investigar correctamente lo ocurrido. As\u00ed es que si este informe llega a ustedes, solo es gracias a la desinteresada ayuda de muchas personas, dentro de las cuales es apropiado ahora mencionar a Natalia Seguel, Hern\u00e1n Puga, Leo Mart\u00ednez, Nicol\u00e1s Gantz, Felipe Coronado, Jos\u00e9 C\u00f3rdova, Crist\u00f3bal Cament, Ren\u00e9 C\u00e1rdenas y Marco Puebla.<\/div>\n<div class=\"Prrafo\">Adem\u00e1s es importante recordar, como es la norma, que los incidentes en cuesti\u00f3n fueron redactados con un gran sentido del respeto, sin chistes o iron\u00edas de por medio y con el objetivo simple de entregar hechos.<\/div>\n<div class=\"Prrafo\">Comencemos.<\/div>\n<div class=\"Seccin\">Marmolejo<\/div>\n<div class=\"Prrafo\">El 3 de abril del 2017, Marcos Puebla y Claudia Poblete salieron en direcci\u00f3n al cerro Marmolejo (6.108 m) con la intenci\u00f3n de llegar tan alto como pudieran para experimentar altura, para lo cual fijaron como fecha de regreso en el ret\u00e9n de San Gabriel el viernes 7.<\/div>\n<div class=\"Prrafo\">Sin embargo, al llegar el mi\u00e9rcoles 5 a los 4.900 metros, Poblete comenz\u00f3 a experimentar creciente fatiga y dificultades para respirar. Por lo que, temiendo que se tratara de un edema pulmonar, a primera hora del jueves 6 iniciaron un descenso que, con el paso de las horas, se transform\u00f3 en evacuaci\u00f3n extrema a medida que Poblete iba perdiendo las fuerzas.<\/div>\n<div class=\"Prrafo\">El s\u00e1bado 8, ya pasados del supuesto d\u00eda de regreso, alcanzaron terreno de baja altitud y, viendo Puebla lo comprometido de la situaci\u00f3n, la dej\u00f3 con equipo suficiente para su sobrevivencia y se fue solo m\u00e1s r\u00e1pido, encontr\u00e1ndose un poco m\u00e1s tarde con miembros del GOPE que efectivamente ven\u00edan en su b\u00fasqueda. Con ellos, m\u00e1s log\u00edstica de apoyo est\u00e1ndar (caballos y mulas), Poblete terminar\u00eda de ser evacuada por tierra e ingresar\u00eda consciente al hospital de San Jos\u00e9.<\/div>\n<div class=\"Prrafo\">A partir de ah\u00ed, la historia sigue un conducto diferente. Estando ella internada en el hospital S\u00f3tero del R\u00edo, su situaci\u00f3n se agrav\u00f3 y estuvo una semana en coma inducido, luego de lo cual despert\u00f3, evolucion\u00f3 positivamente, fue desconectada de las m\u00e1quinas y experiment\u00f3 una mejor\u00eda que parec\u00eda ser definitiva. Sin embargo, el 24 de abril, y ya ella pronta a ser dada de alta, falleci\u00f3 de un hemoperitoneo.<\/div>\n<div class=\"Prrafo\">O sea, seg\u00fan tengo yo entendido, nada que ver con las consecuencias que implica la aparici\u00f3n de un edema pulmonar.<\/div>\n<div class=\"Seccin\">Rivadavia<\/div>\n<div class=\"Prrafo\">El 21 de junio del 2017, un grupo de amigos y familiares del poblado de Rivadavia se encontraba de paseo en los alrededores de la quebrada Agua del Sauce, cuando en alg\u00fan instante de la ma\u00f1ana uno de ellos, Benjam\u00edn Mar\u00edn (15), se alej\u00f3 para comenzar a ascender por las colinas cercanas, movimientos durante los cuales se le perdi\u00f3 de vista.<\/div>\n<div class=\"Prrafo\">El tiempo pas\u00f3 y, como no regres\u00f3, sus cercanos trataron de ubicarlo, proceso durante el cual se toparon con Felipe Coronado, un joven que ven\u00eda bajando del cerro Porongo. Este se uni\u00f3 a la b\u00fasqueda y poco despu\u00e9s, en horas de la tarde, fue quien terminar\u00eda por encontrar en uno de los cerros aleda\u00f1os el cuerpo sin vida de Mar\u00edn.<\/div>\n<div class=\"Prrafo\">Las fracturas que presentaba y el lugar donde se encontraba, al pie de unos acantilados de roca verticales, dieron a entender que el accidente fatal se habr\u00eda producido debido a una ca\u00edda.<\/div>\n<div class=\"Seccin\">Lonquimay<\/div>\n<div class=\"Prrafo\">Un grupo de 11 personas provenientes de Santiago ingres\u00f3 el s\u00e1bado 25 de junio al centro de esqu\u00ed Corralco con la idea de, ya que el clima no se preve\u00eda de lo mejor, ascender lo m\u00e1s alto que pudieran; quiz\u00e1s hasta el Mirador del Lonquimay. Sin embargo, en alg\u00fan momento de la subida prefirieron cambiar de idea por lo malo que se ve\u00eda arriba y se fueron en direcci\u00f3n del cercano cr\u00e1ter Navidad, cumbre a la cual accedieron aproximadamente a las 3 de la tarde en medio de un tiempo que ya se echaba a perder.<\/div>\n<div class=\"Prrafo\">En la bajada tuvieron problemas para orientarse y, debido a las dif\u00edciles condiciones clim\u00e1ticas, terminaron por extraviarse. Hasta que bien pasada la medianoche, tras horas movi\u00e9ndose, no les qued\u00f3 m\u00e1s alternativa que improvisar dos refugios donde esperaron por el amanecer. El domingo el clima no cambi\u00f3 y, a pesar que hubo movimientos e intentos de comunicaci\u00f3n varios para salir del embrollo, continuaron bloqueados, lo que los hizo pasar una segunda noche en sendos refugios en una situaci\u00f3n que ya se hac\u00eda cr\u00edtica.<\/div>\n<div class=\"Prrafo\">En el intertanto, se hab\u00edan activado varios procedimientos de rescate multi-institucionales, incluyendo el movimiento de veh\u00edculos motorizados desde el centro de esqu\u00ed. Masivo operativo que lograr\u00eda ubicarlos el d\u00eda lunes 27 y evacuarlos en helic\u00f3pteros, situaci\u00f3n que no evitar\u00eda que uno de ellos, Patricia Hadjes (50), falleciera por hipotermia.<\/div>\n<div class=\"Seccin\">Pir\u00e1mide<\/div>\n<div class=\"Prrafo\">En la segunda quincena de julio del 2017, la cordada compuesta por el ruso nacionalizado estadounidense Alexander Maznev (30) y los chilenos Crist\u00f3bal Bizarri (22) y Gabriel Navarrete (34) estaban intentando la Pir\u00e1mide de Garcilazo (5.885 m), localizada en el sector de Laguna Par\u00f3n. Esto es Cordillera Blanca, en Per\u00fa.<\/div>\n<div class=\"Prrafo\">Sin embargo, ellos no regresaron cuando se les esperaba en Huaraz, generando suficiente preocupaci\u00f3n a medida que los d\u00edas pasaban como para enviar voluntarios y un equipo de rescate a determinar lo ocurrido, todos los cuales finalmente encontrar\u00edan el 31 de julio, en la parte baja de la monta\u00f1a, los cuerpos sin vida de los tres mencionados.<\/div>\n<div class=\"Prrafo\">Informaci\u00f3n circunstancial, incluyendo las fotograf\u00edas de una c\u00e1mara perteneciente a las v\u00edctimas, hace presuponer que el accidente debi\u00f3 ocurrir en alg\u00fan momento despu\u00e9s de las 11:10 horas, cuando estaban relativamente alto en la ruta (a no m\u00e1s de 100 metros de la cumbre). Momentos en los que al parecer un derrumbe de bloques de hielo cay\u00f3 sobre ellos, impactando a los chilenos, arrancando el anclaje y tirando a un Maznev que iba de primero de cuerda.<\/div>\n<div class=\"Seccin\">No fatales<\/div>\n<div class=\"Prrafo\">Por supuesto, hubo varios otros incidentes que tuvieron alg\u00fan grado de relaci\u00f3n con los ambientes de monta\u00f1a y que aqu\u00ed no fueron mencionados. A los cuales se debe agregar todos los perdidos, equivocaciones y accidentes sin resultado fatal que tambi\u00e9n generaron preocupaci\u00f3n.<\/div>\n<div class=\"Prrafo\">Entendiendo que este no es un listado completo (lejos de eso), nos referimos a casos como la ca\u00edda al suelo de una escaladora en Las Chilcas debido a que el dispositivo de aseguramiento no se activ\u00f3, otro en el Array\u00e1n con un vuelo no controlado que termin\u00f3 en fractura, una persona perdida 4 d\u00edas en la zona de Cocham\u00f3 en abril, tres j\u00f3venes rescatados en el Caj\u00f3n del Muerto (uno de ellos herido), una fractura expuesta de tibia en el cerro Blanco, una cordada que se retras\u00f3 en el cerro Fuy en el \u00e1rea de Neltume, 16 turistas rescatados del volc\u00e1n Sollipulli en dos vuelos de helic\u00f3ptero, una fractura expuesta de tobillo en el \u00e1rea del volc\u00e1n Llaima, una persona de 25 a\u00f1os que sobrevivi\u00f3 3 d\u00edas a la intemperie en el Parque Huerquehue, un militar con una fractura de tibia y peron\u00e9 tras caerse en la palestra de R\u00edo Blanco, dos j\u00f3venes perdidas en el Punta de Damas en junio, un excursionista fracturado en el Pochoco en agosto, un grupo que se atras\u00f3 en el Punta Negra en septiembre, dos j\u00f3venes que se quedaron sin bater\u00eda ni dinero para regresar a Puc\u00f3n tras subir el Lan\u00edn&#8230; Etc\u00e9tera.<\/div>\n<div class=\"Prrafo\">Por \u00faltimo, algo de datos para ir adquiriendo perspectiva. Entendiendo que hay supuestos discutibles, que a\u00fan no he dado a conocer formalmente el marco conceptual con el cual trabajo y que esta informaci\u00f3n solo debe ser vista como una aproximaci\u00f3n, \u00bfsaben cu\u00e1nta gente ha fallecido en las diferentes temporadas bajas desde el 2010? 35.<\/div>\n<div class=\"Prrafo\">Estos son los valores: 2010, 3; 2011, 5; 2012, 2; 2013, 4; 2014, 4; 2015, 4; 2016, 8; 2017, 5.<\/div>\n<div class=\"Prrafo\">Eso. Ya, cu\u00eddense y nos vemos pronto.<\/div>\n<div class=\"Firma\">El Anticristo<br \/>\n<a href=\"mailto:anticristo@aruficax.cl\">anticristo@aruficax.cl<\/a><\/div>\n<\/div>\n\n<!-- Facebook Like Button v1.9.6 BEGIN [http:\/\/blog.bottomlessinc.com] -->\n<iframe src=\"http:\/\/www.facebook.com\/plugins\/like.php?href=https%3A%2F%2Fwww.escalando.org%2Fanticristo%2Faccidentes-temporada-baja-2017%2F&amp;layout=standard&amp;show_faces=true&amp;width=450&amp;action=like&amp;colorscheme=light\" scrolling=\"no\" frameborder=\"0\" allowTransparency=\"true\" style=\"border:none; overflow:hidden; width:450px; height: 100px; align: left; margin: 20px 0px 2px 0px\"><\/iframe>\n<!-- Facebook Like Button END -->\n","protected":false},"excerpt":{"rendered":"<p>Recuento de los accidentes fatales ocurridos en los ambientes de monta\u00f1a de Chile entre abril y septiembre del 2017<\/p>\n","protected":false},"author":2,"featured_media":0,"comment_status":"open","ping_status":"closed","sticky":false,"template":"","format":"standard","meta":{"_et_pb_use_builder":"","_et_pb_old_content":"","_et_gb_content_width":"","_s2mail":"yes","footnotes":""},"categories":[3],"tags":[],"class_list":["post-924","post","type-post","status-publish","format-standard","hentry","category-articulospublicados"],"_links":{"self":[{"href":"https:\/\/www.escalando.org\/anticristo\/wp-json\/wp\/v2\/posts\/924","targetHints":{"allow":["GET"]}}],"collection":[{"href":"https:\/\/www.escalando.org\/anticristo\/wp-json\/wp\/v2\/posts"}],"about":[{"href":"https:\/\/www.escalando.org\/anticristo\/wp-json\/wp\/v2\/types\/post"}],"author":[{"embeddable":true,"href":"https:\/\/www.escalando.org\/anticristo\/wp-json\/wp\/v2\/users\/2"}],"replies":[{"embeddable":true,"href":"https:\/\/www.escalando.org\/anticristo\/wp-json\/wp\/v2\/comments?post=924"}],"version-history":[{"count":15,"href":"https:\/\/www.escalando.org\/anticristo\/wp-json\/wp\/v2\/posts\/924\/revisions"}],"predecessor-version":[{"id":1213,"href":"https:\/\/www.escalando.org\/anticristo\/wp-json\/wp\/v2\/posts\/924\/revisions\/1213"}],"wp:attachment":[{"href":"https:\/\/www.escalando.org\/anticristo\/wp-json\/wp\/v2\/media?parent=924"}],"wp:term":[{"taxonomy":"category","embeddable":true,"href":"https:\/\/www.escalando.org\/anticristo\/wp-json\/wp\/v2\/categories?post=924"},{"taxonomy":"post_tag","embeddable":true,"href":"https:\/\/www.escalando.org\/anticristo\/wp-json\/wp\/v2\/tags?post=924"}],"curies":[{"name":"wp","href":"https:\/\/api.w.org\/{rel}","templated":true}]}}