{"id":883,"date":"2017-07-10T08:57:47","date_gmt":"2017-07-10T12:57:47","guid":{"rendered":"http:\/\/www.escalando.org\/anticristo\/?p=883"},"modified":"2021-10-28T10:06:14","modified_gmt":"2021-10-28T14:06:14","slug":"accidentes-2016-2017-temporada-alta","status":"publish","type":"post","link":"https:\/\/www.escalando.org\/anticristo\/accidentes-2016-2017-temporada-alta\/","title":{"rendered":"Accidentes 2016-2017 (Temporada Alta)"},"content":{"rendered":"<div id=\"Contenido\">\n<div id=\"Fecha\">Julio 2017<\/div>\n<div class=\"PrrafoPrimero\">Una vez m\u00e1s regreso a ustedes para entregar el ya conocido recuento de los accidentes fatales que ocurrieron o afectaron a nuestra comunidad de monta\u00f1istas, escaladores, excursionistas y otros, ocurridos entre octubre del 2016 a marzo del 2017 (inclusive), en los ambientes de monta\u00f1a de Chile.<\/div>\n<div class=\"Prrafo\">Como es habitual, contin\u00fao remarcando que esta recopilaci\u00f3n no se da por generaci\u00f3n espont\u00e1nea y que su existencia solo es posible gracias a la colaboraci\u00f3n desinteresada de un n\u00famero importante de personas, entre las cuales ahora puedo mencionar a Natalia Seguel, Hern\u00e1n Puga, Leo Mart\u00ednez, H\u00e9ctor Gonz\u00e1lez, Ren\u00e9 C\u00e1rdenas, Cristi\u00e1n Vidal, Marcelo Noria, Alejandra Leiva, Sebasti\u00e1n Osorio, Luis Mardones, Sebasti\u00e1n Rojas Carvajal y Nicol\u00e1s Panza. A todos quienes aprovecho aqu\u00ed de agradecer sinceramente una vez m\u00e1s.<\/div>\n<div class=\"Prrafo\">Comencemos entonces con la revisi\u00f3n de estos incidentes, en estricto orden cronol\u00f3gico.<\/div>\n<div class=\"Seccin\">Cerro Provincia<\/div>\n<div class=\"Prrafo\">Construir las bases de un debate de calidad en el fen\u00f3meno de accidentabilidad en nuestros ambientes de monta\u00f1a exige primero y antes que nada contar con datos precisos. Dejando para otra ocasi\u00f3n, la b\u00fasqueda de negligencias, culpables o errores en los eventos que se describen. Sin embargo, debo admitir que en el siguiente caso se me hizo particularmente dif\u00edcil guardar silencio debido a la cantidad y calidad de las aristas involucradas. Me refiero por supuesto a los incidentes que rodearon a la desaparici\u00f3n de dos j\u00f3venes chilenos a mediados de octubre en los faldeos del cerro Provincia.<\/div>\n<div class=\"Prrafo\">Remiti\u00e9ndonos solo a los hechos, estos se\u00f1alan que el 15 de octubre se estaba realizando la carrera de trail running The North Face Endurance Challenge 2016, una cuyo punto de partida y llegada para casi todas las distancias eran las instalaciones del Club Deportivo Universidad Cat\u00f3lica en San Carlos de Apoquindo. Joaqu\u00edn Castillo (de 19 a\u00f1os de edad) y Vicente Charpentier (de 22) estaban al tanto de ello y se dirigieron al lugar para, seg\u00fan comentaron a sus cercanos, ver la carrera desde alg\u00fan punto favorable. Se tiene registro de ellos ingresando a San Carlos de Apoquindo, y tambi\u00e9n de una conversaci\u00f3n que mantuvieron con un guardaparque del Parque Aguas de Ram\u00f3n. Instantes en los cuales ellos ya sab\u00edan que se ven\u00eda mal tiempo y que por ello, o porque era tarde, confirmaron que solo subir\u00edan hasta la cascada del Salto de Apoquindo. Sin embargo las horas pasaron, lleg\u00f3 la tormenta con inusitada fuerza y, a las 19 horas, Charpentier envi\u00f3 un mensaje por su celular que dec\u00eda exactamente lo siguiente: &#8220;Mam\u00e1 cerro provincia manda helic\u00f3ptero. avisa al gope&#8221;.<\/div>\n<div class=\"Prrafo\">Ser\u00eda lo \u00faltimo que se sabr\u00eda de ellos.<\/div>\n<div class=\"Prrafo\">Como es de comprender, y disculpen la expresi\u00f3n, se arm\u00f3 la grande. Y no es posible aqu\u00ed describir todo y cada uno de los incidentes que se fueron desarrollando a partir de ese momento, propios de lo que es una conmoci\u00f3n p\u00fablica que saca a relucir generosidad y desprendimiento pero tambi\u00e9n circo.<\/div>\n<div class=\"Prrafo\">Si tuvi\u00e9ramos que describir la b\u00fasqueda misma, puede decirse tranquilamente que fue larga, masiva e intensa, participando centenares de personas, entre rescatistas, voluntarios, civiles y militares. Esfuerzos que lamentablemente se revelaron infructuosos, pues los d\u00edas fueron pasando, la nieve comenz\u00f3 a derretirse debido al calor primaveral y de los j\u00f3venes nunca nada m\u00e1s se supo.<\/div>\n<div class=\"Prrafo\">Parte del problema fue que no se sab\u00eda exactamente el recorrido que ellos hab\u00edan seguido y las teor\u00edas abundaron, desde quienes insinuaron que simplemente se hab\u00edan escapado a otro lugar, hasta quienes estaban convencidos que a pesar del clima ellos hab\u00edan seguido hacia arriba, en direcci\u00f3n a la cumbre del Provincia, porque en su cima se encuentra un domo que podr\u00eda haberles dado protecci\u00f3n. Elaboraciones acompa\u00f1adas de b\u00fasquedas laboriosas, pedidos a Espa\u00f1a por la clave de la cuenta que Charpentier ten\u00eda en Wikiloc y cualquier otra cosa que pudiera dar una luz de esperanza. Incluyendo consultar mediums.<\/div>\n<div class=\"Prrafo\">Uno de esos recursos que se estaban usando para dar con los muchachos eran los sobrevuelos que hac\u00eda un avi\u00f3n del Servicio Aerofotogram\u00e9trico de la Fuerza A\u00e9rea de Chile (SAF), en los cuales se sacaban 500 fotos por minuto que se entregaban al Comando de Incidentes. Precisamente una semana y media despu\u00e9s de la desaparici\u00f3n de los j\u00f3venes, algo delat\u00f3 una imagen y, el 26 de octubre, personal del GOPE fue enviado en helic\u00f3ptero al sitio. Quienes ah\u00ed encontraron a Charpentier (con los dos celulares en su poder) y, 35 metros m\u00e1s abajo, a Castillo. A unos 200 metros de la cumbre misma del Provincia, en su vertiente oeste; efectivamente como si ellos hubieran venido subiendo por la quebrada de la Pichoga. Todo indicando que los j\u00f3venes no habr\u00edan sobrevivido a esa primera noche debido a la hipotermia.<\/div>\n<div class=\"Prrafo\">Eso son los hechos. A los cuales, creo que tambi\u00e9n ser\u00eda pertinente hacer algunos alcances para dejar las cosas m\u00e1s en claro.<\/div>\n<div class=\"Prrafo\">Por ejemplo, que, tal y como aqu\u00ed se desprende, que los j\u00f3venes no eran parte de la carrera, que los cuerpos no fueron encontrados gracias a la informaci\u00f3n suministrada por Wikiloc (sino que por el an\u00e1lisis de las fotograf\u00edas a\u00e9reas), que es cierto que la tormenta en el \u00e1rea del cerro Provincia fue absolutamente anormal para la \u00e9poca (con viento, nieve y sensaciones t\u00e9rmicas subcero), y que, por \u00faltimo, la supuesta inexperiencia de los j\u00f3venes&#8230; es debatible. O sea, depende del punto de vista con el cual se mire. Esto porque Charpentier s\u00ed ten\u00eda experiencia, pero como trail runner; no como monta\u00f1ista. Lo que desencadena toda una reflexi\u00f3n acerca de las limitaciones de un deporte que es atractivo pero cuya \u00fanica defensa contra los imponderables es el rendimiento f\u00edsico.<\/div>\n<div class=\"Prrafo\">No obstante, tal conversaci\u00f3n, y sus m\u00e1s que esperados acalorados argumentos, es para otro d\u00eda. No aqu\u00ed, no ahora.<\/div>\n<div class=\"Seccin\">Dientes de Navarino<\/div>\n<div class=\"Prrafo\">Al mismo tiempo que se efectuaba la carrera en el cerro Provincia, el 15 de octubre, la ciudadana espa\u00f1ola Virginia Maldonado, de 62 a\u00f1os de edad, llegaba a la ciudad de Puerto Williams con la intenci\u00f3n de visitar la zona. Pas\u00f3 una noche en la ciudad y ah\u00ed conoci\u00f3 a un par de excursionistas que intentar\u00edan realizar el circuito largo de varios d\u00edas de duraci\u00f3n en torno a los Dientes de Navarino; panorama que entusiasm\u00f3 tanto a Maldonado que la llev\u00f3 a partir con ellos en la modalidad de &#8220;juntos pero separados&#8221;.<\/div>\n<div class=\"Prrafo\">Sin embargo, al d\u00eda siguiente, a medida que avanz\u00f3 la jornada, ineludiblemente ella se fue quedando atr\u00e1s, hasta, tras pasar la cumbre del cerro La Bandera, quedar sola. Los excursionistas a quienes segu\u00eda no la vieron m\u00e1s y Maldonado tampoco fue vista de regreso en Puerto Williams. Solo se supo de ella un par de d\u00edas m\u00e1s tarde, cuando su cuerpo fue encontrado con evidencias de fractura cervical en el empinado acarreo que da acceso a la laguna El Salto. Sin que quedara claro si el accidente le habr\u00eda ocurrido de ida, en su esfuerzo por continuar con el circuito y alcanzar a las otras personas, o regres\u00e1ndose, tras haberse dado cuenta que la aventura exced\u00eda sus posibilidades.<\/div>\n<div class=\"Seccin\">Torres del Paine<\/div>\n<div class=\"Prrafo\">El 22 de octubre parti\u00f3 temprano desde el Ecocamp de Torres del Paine un grupo guiado de 6 pasajeros para realizar la cl\u00e1sica caminata al Mirador de las Torres, dentro del cual estaba el brasile\u00f1o Francisco Silva, de 30 a\u00f1os de edad.<\/div>\n<div class=\"Prrafo\">Infortunadamente, cuando llevaban menos de 4 kil\u00f3metros, antes del Paso de los Vientos, este sufri\u00f3 un paro card\u00edaco s\u00fabito, el cual, como es de comprenderse, desencaden\u00f3 fren\u00e9ticas maniobras entre los gu\u00edas presentes para estabilizarlo (incluyendo la pronta llegada de un DEA). Sin embargo, todos estos esfuerzos se demostrar\u00edan in\u00fatiles, Silva no se recuperar\u00eda y terminar\u00eda por fallecer.<\/div>\n<div class=\"Seccin\">La Campana<\/div>\n<div class=\"Prrafo\">Ese octubre definitivamente fue un mal mes. Porque a los casos de Charpentier, Castillo, Maldonado y Silva, hubo pronto que agregar el de Luis Conejeros, un caballero de 68 a\u00f1os de edad, que el 31 de octubre estaba en el Parque Nacional La Campana junto a dos sobrinos, de 7 y 8 a\u00f1os. Cuando, mientras se encontraba entre la Piedra Andina y la Primera Aguada, en el Sendero del Andinista, sufri\u00f3 tambi\u00e9n un paro card\u00edaco s\u00fabito; uno que tambi\u00e9n se revelar\u00eda fatal.<\/div>\n<div class=\"Seccin\">Aguas Claras<\/div>\n<div class=\"Prrafo\">El 8 de diciembre del 2016 el club \u00c1guila Azul hab\u00eda organizado una salida para acampar en Aguas Claras, a unos 2.600 metros sobre el nivel del mar siguiendo el curso del r\u00edo Colorado, en direcci\u00f3n al Tupungato. El grupo lo compon\u00edan aproximadamente 20 personas y, t\u00edpico de este tipo de salidas, estaba liderado por las personas que ten\u00edan m\u00e1s experiencia.<\/div>\n<div class=\"Prrafo\">Para ese fin de semana se esperaba algo de mal tiempo, pero los par\u00e1metros bajo los cuales se iba a desenvolver la actividad permit\u00edan cierto margen de maniobra. Por eso no hubo cambios en lo planificado, al grupo lleg\u00f3 al sitio y, mientras un arriero se llevaba la carga directo hasta el campamento, ellos dieron inicio a la caminata.<\/div>\n<div class=\"Prrafo\">A Ba\u00f1os Azules llegaron en medio de la lluvia y algo distanciados, pero a vista. Instantes en los cuales un matrimonio manifest\u00f3 su intenci\u00f3n de querer devolverse debido al cansancio; sin embargo a esas alturas, y considerando lo poco que faltaba para el campamento, era mejor continuar. As\u00ed es que dos personas, Jorge Jofr\u00e9 y Gerardo Vergara, ayudaron al esposo y se fueron con \u00e9l m\u00e1s r\u00e1pido, mientras que Ximena Moreno, de 63 a\u00f1os de edad, se ofreci\u00f3 para irse atr\u00e1s con la dama en problemas; qui\u00e9n en realidad no estaba mal, sino que solo se desplazaba m\u00e1s lento.<\/div>\n<div class=\"Prrafo\">En esos momentos la noche se acercaba y la tormenta no hac\u00eda m\u00e1s que incrementarse, llegando a ser tan severa que el mismo arriero opt\u00f3 por quedarse en Aguas Claras y no devolverse. Los varones llegaron al campamento, dejaron al esposo protegido y volvieron en busca de las damas. Pero, con la lluvia y el viento peg\u00e1ndoles de frente, fue dif\u00edcil ubicarse y apenas pudieron dar con la esposa, la cual ven\u00eda subiendo cansada, mojada y sola; pues ahora hab\u00eda sido su respectiva acompa\u00f1ante, Moreno, quien se hab\u00eda ido quedando atr\u00e1s.<\/div>\n<div class=\"Prrafo\">La situaci\u00f3n era delicada, as\u00ed es que ah\u00ed mismo Jofr\u00e9 y Vergara armaron un campamento de emergencia y le prestaron debida asistencia a la mujer; luego de lo cual continuaron bajando para saber de Moreno. No obstante la borrasca era tan fuerte, y la visibilidad tan mala (ya era de noche), que apenas se ubicaron y, sin alternativas, optaron por regresarse a la carpa que hab\u00edan reci\u00e9n establecido para esperar a que las condiciones mejoraran.<\/div>\n<div class=\"Prrafo\">Solo de madrugada, y con la tormenta ya acabada, pudieron reiniciar la b\u00fasqueda, para finalmente encontrar el cuerpo sin vida de Moreno, v\u00edctima de la hipotermia, al lado del puente sobre el estero Azufre.<\/div>\n<div class=\"Seccin\">Lagunillas<\/div>\n<div class=\"Prrafo\">Termin\u00f3 el a\u00f1o, vino el verano y febrero parec\u00eda irse sin mayores incidentes, hasta que el s\u00e1bado 25 se dieron en la zona cordillerana del centro de nuestro pa\u00eds las t\u00edpicas condiciones clim\u00e1ticas que hacen generar aluviones: chubascos intensos y elevada isoterma cero.<\/div>\n<div class=\"Prrafo\">Y as\u00ed fue. Efectivamente se desencadenaron aluviones. Pero el problema esta vez fue la caja de resonancia en la cual se dio el fen\u00f3meno porque, de nuevo, la entendible preocupaci\u00f3n de una poblaci\u00f3n bien intencionada se amplific\u00f3 por la hist\u00e9rica reacci\u00f3n de los medios de comunicaci\u00f3n, quienes comenzaron a informar con tal intensidad que en el resto del pa\u00eds (y en el extranjero tambi\u00e9n) se dio la impresi\u00f3n que el Caj\u00f3n del Maipo se estaba deshaciendo entero.<\/div>\n<div class=\"Prrafo\">En tal estado de confusi\u00f3n, fue dif\u00edcil separar lo real de lo ficticio y toda persona urbana que sab\u00eda de alg\u00fan familiar, cercano o conocido que hab\u00eda dirigido sus pasos al Caj\u00f3n del Maipo ese fin de semana, comenz\u00f3 a presentar denuncias por presunta desgracia. Que es la raz\u00f3n para explicar porque al principio se comunic\u00f3 un n\u00famero tan elevado de v\u00edctimas\/desaparecidos (20, 30, 40&#8230;) Fen\u00f3meno de p\u00e1nico social que debe ser criticado porque los escasos recursos civiles e institucionales que fueron enviados esa misma noche a ayudar, y en los d\u00edas siguientes tambi\u00e9n, se malgastaron en b\u00fasquedas in\u00fatiles mientras que hab\u00eda otras zonas d\u00f3nde efectivamente se necesitaban. Un nuevo ejemplo de por qu\u00e9 la carencia de cultura de monta\u00f1a en la sociedad como un todo entorpece y termina por pagarse caro.<\/div>\n<div class=\"Prrafo\">Cuando hubo un poco m\u00e1s de calma, se confirm\u00f3 que la principal tragedia hab\u00eda ocurrido en el sector de Los Rulos, camino a Lagunillas, donde un masivo aluvi\u00f3n hab\u00eda bajado por el lecho del estero Los Rodr\u00edguez y hab\u00eda impactado a los campistas que all\u00ed se encontraban: Mario Reyes (30), Carlos L\u00f3pez (38), Francisco Olivares (36), Rogelio Bravo (28), Karin Araya (19), Marcelo Suazo (22) y Gabriel Castro (23).<\/div>\n<div class=\"Prrafo\">Tomar\u00eda su tiempo recuperar los restos mortales de estas personas (salvo el de Reyes que a la fecha a\u00fan contin\u00faa desaparecido). Sin embargo, existe la sospecha que podr\u00edan haber m\u00e1s v\u00edctimas, pues testigos afirmaron que en el lugar se ve\u00edan m\u00e1s carpas y personas.<\/div>\n<div class=\"Seccin\">Aguas Calientes<\/div>\n<div class=\"Prrafo\">Tres j\u00f3venes, Constanza Quijada (25), Cristina Fern\u00e1ndez (23) y Rodrigo Troncoso (24), se dirigieron el martes 7 de marzo al \u00e1rea de Termas de Chill\u00e1n con la idea de hacer la excursi\u00f3n al valle de Aguas Calientes, uno que se encuentra a unos 3 kil\u00f3metros al sur del volc\u00e1n Chill\u00e1n Viejo, a unos 2 mil metros de altitud. Pero en alg\u00fan momento de su recorrido extraviaron el sendero y, con el clima deterior\u00e1ndose a cada minuto, no les qued\u00f3 m\u00e1s alternativa que hacer campamento donde estaban.<\/div>\n<div class=\"Prrafo\">Como es de comprender, pasaron una mala noche y, al amanecer, emprendieron regreso. Sin embargo las condiciones clim\u00e1ticas empeoraron y, al pasar por la Piedra del Diamante, con ellos mojados, movi\u00e9ndose en contra del viento y una sensaci\u00f3n t\u00e9rmica sub-cero, Quijada entr\u00f3 en un cuadro de hipotermia. Uno que la dejar\u00eda inconsciente y luego provocar\u00eda su fallecimiento en el mismo lugar. Esto a pesar de las maniobras de reanimaci\u00f3n que Fern\u00e1ndez le hizo por 20 minutos.<\/div>\n<div class=\"Prrafo\">Cuando fue evidente que nada m\u00e1s pod\u00eda hacerse, los muchachos continuaron el descenso y apenas tuvieron cobertura telef\u00f3nica avisaron de lo ocurrido. Pronto, pasada las 15:00 horas, se gatillar\u00eda un operativo de ayuda entre Carabineros y el Cuerpo de Socorro Andino de Las Trancas, grupo que bajo la lluvia pronto dio con los muchachos y que despu\u00e9s, tras caminar 40 minutos bajo granizo, accedieron al lugar donde se encontraba Quijada, constatando su fallecimiento.<\/div>\n<div class=\"Seccin\">Conexos<\/div>\n<div class=\"Prrafo\">Con respecto a los incidentes que yo denomino &#8220;conexos&#8221; (que pueden o no ser incluidos dependiendo de las definiciones utilizadas), est\u00e1n las otras v\u00edctimas que dej\u00f3 el alud de febrero. Como el caso de la ni\u00f1a Florencia Fr\u00edas (12), que falleci\u00f3 cuando el veh\u00edculo en el cual viajaba con su familia fue arrastrada por un alud en la zona de las Termas del Flaco; o el de Jorge Bustamente, suboficial en retiro que fue llevado por el aluvi\u00f3n en el estero Pocuro del R\u00edo Aconcagua. Tambi\u00e9n est\u00e1 el caso de un agr\u00f3nomo que andaba con un grupo de colegas tomando muestras de \u00e1rboles en la zona del Pucar\u00e1 de Chena y que se cay\u00f3 por su ladera oriente. O la triste muerte de Mart\u00edn Villarroel, que al saltar la Poza del Gringo en Valle de los C\u00f3ndores, se golpe\u00f3 la cabeza y fue arrastrado por el r\u00edo Maule, esto a pesar de los denodados esfuerzos de sus compa\u00f1eros por salvarlo. O la ni\u00f1a Catalina Mu\u00f1oz, de 12 a\u00f1os, que falleci\u00f3 en la zona del lago Collico debido a la ca\u00edda de un rayo&#8230;<\/div>\n<div class=\"Prrafo\">Y de los no fatales, un listado cualitativo y no completo ser\u00eda algo as\u00ed como lo siguiente. En octubre, dos finlandesas con problemas en el Manquehue, dos varones en La Campana, un corredor en Quebrada de Macul, cinco excursionistas en laguna Huemul, un carabinero en quebrada de Macul con fractura de f\u00e9mur al descender del helic\u00f3ptero durante operaciones de rescate, una dama ca\u00edda por la ladera del Manquehue, hipotermia y deshidrataci\u00f3n en el volc\u00e1n Osorno&#8230; En noviembre, un excursionista en el San Ram\u00f3n, tres chilenas en el refugio los Cuernos de Torres del Paine, una accidente de una joven en el Punta Negra que requiri\u00f3 evacuaci\u00f3n a\u00e9rea, un adulto mayor en Ba\u00f1os Morales, una fractura expuesta de una joven en el Pochoco, 2 alemanes perdidos en Ensenada&#8230; En diciembre, fractura de tibia y peron\u00e9 en quebrada de Macul, lesi\u00f3n grave en el rostro en Punta Zanzi, una rodilla empotrada en El Alfalfal&#8230; En enero, un adulto mayor desorientado en quebrada r\u00edo Covarrubias, un hematoma en el muslo por golpe de roca en cerro Vega&#8230; En febrero, m\u00faltiples fracturas de un var\u00f3n de 50 a\u00f1os en cerro Orolonco, una fractura expuesta de tibia en Cocham\u00f3, dos varones deshidratados en El Belloto, un joven en el Provincia con lesi\u00f3n en la rodilla&#8230; En marzo, 3 j\u00f3venes en cerro La Cruz, un adulto mayor de 72 a\u00f1os en La Campana y m\u00e1s problemas con personas en el Manquehue y Sierra de Ram\u00f3n&#8230;<\/div>\n<div class=\"Prrafo\">Por todo lo cual hoy quisiera terminar el reporte con solo dos palabras m\u00e1s: mejor cu\u00eddense.<\/div>\n<div class=\"Firma\">El Anticristo<br \/>\n<a href=\"mailto:anticristo@aruficax.cl\">anticristo@aruficax.cl<\/a><\/div>\n<\/div>\n\n<!-- Facebook Like Button v1.9.6 BEGIN [http:\/\/blog.bottomlessinc.com] -->\n<iframe src=\"http:\/\/www.facebook.com\/plugins\/like.php?href=https%3A%2F%2Fwww.escalando.org%2Fanticristo%2Faccidentes-2016-2017-temporada-alta%2F&amp;layout=standard&amp;show_faces=true&amp;width=450&amp;action=like&amp;colorscheme=light\" scrolling=\"no\" frameborder=\"0\" allowTransparency=\"true\" style=\"border:none; overflow:hidden; width:450px; height: 100px; align: left; margin: 20px 0px 2px 0px\"><\/iframe>\n<!-- Facebook Like Button END -->\n","protected":false},"excerpt":{"rendered":"<p>Recuento de los accidentes ocurridos en los ambientes de monta\u00f1a de Chile, entre octubre del 2016 a marzo del 2017. Incluyendo eventos conexos e incidentes que causaron conmoci\u00f3n p\u00fablica.<\/p>\n","protected":false},"author":2,"featured_media":0,"comment_status":"open","ping_status":"closed","sticky":false,"template":"","format":"standard","meta":{"_et_pb_use_builder":"","_et_pb_old_content":"","_et_gb_content_width":"","_s2mail":"yes","footnotes":""},"categories":[3],"tags":[],"class_list":["post-883","post","type-post","status-publish","format-standard","hentry","category-articulospublicados"],"_links":{"self":[{"href":"https:\/\/www.escalando.org\/anticristo\/wp-json\/wp\/v2\/posts\/883","targetHints":{"allow":["GET"]}}],"collection":[{"href":"https:\/\/www.escalando.org\/anticristo\/wp-json\/wp\/v2\/posts"}],"about":[{"href":"https:\/\/www.escalando.org\/anticristo\/wp-json\/wp\/v2\/types\/post"}],"author":[{"embeddable":true,"href":"https:\/\/www.escalando.org\/anticristo\/wp-json\/wp\/v2\/users\/2"}],"replies":[{"embeddable":true,"href":"https:\/\/www.escalando.org\/anticristo\/wp-json\/wp\/v2\/comments?post=883"}],"version-history":[{"count":14,"href":"https:\/\/www.escalando.org\/anticristo\/wp-json\/wp\/v2\/posts\/883\/revisions"}],"predecessor-version":[{"id":1220,"href":"https:\/\/www.escalando.org\/anticristo\/wp-json\/wp\/v2\/posts\/883\/revisions\/1220"}],"wp:attachment":[{"href":"https:\/\/www.escalando.org\/anticristo\/wp-json\/wp\/v2\/media?parent=883"}],"wp:term":[{"taxonomy":"category","embeddable":true,"href":"https:\/\/www.escalando.org\/anticristo\/wp-json\/wp\/v2\/categories?post=883"},{"taxonomy":"post_tag","embeddable":true,"href":"https:\/\/www.escalando.org\/anticristo\/wp-json\/wp\/v2\/tags?post=883"}],"curies":[{"name":"wp","href":"https:\/\/api.w.org\/{rel}","templated":true}]}}