{"id":860,"date":"2017-03-13T17:15:11","date_gmt":"2017-03-13T21:15:11","guid":{"rendered":"http:\/\/www.escalando.org\/anticristo\/?p=860"},"modified":"2021-10-28T10:07:52","modified_gmt":"2021-10-28T14:07:52","slug":"accidentes-2016-temporada-baja","status":"publish","type":"post","link":"https:\/\/www.escalando.org\/anticristo\/accidentes-2016-temporada-baja\/","title":{"rendered":"Accidentes 2016 (Temporada Baja)"},"content":{"rendered":"<div id=\"Contenido\">\n<div id=\"Fecha\">Febrero 2017<\/div>\n<div class=\"PrrafoPrimero\">Terminadas las turbulentas aguas de aquello que nos hace esclavos (y luego nos libera) finalmente retomo el tema de los accidentes fatales que han afectado a nuestra querida comunidad de monta\u00f1istas, escaladores, esquiadores, excursionistas, aventureros y similares.<\/div>\n<div class=\"Prrafo\">Como cada vez se van incorporando m\u00e1s personas a la lectura de estas recopilaciones, es bueno dar un poco de contexto. Decir, por ejemplo, que se vienen realizando desde hace 15 a\u00f1os y que tienen como objetivo global entender el fen\u00f3meno de la accidentabilidad en nuestros ambientes de monta\u00f1a. Siempre con la intenci\u00f3n de brindar informaci\u00f3n de calidad y sin enredarse en la b\u00fasqueda de culpables o negligencias.<\/div>\n<div class=\"Prrafo\">Las reglas a seguir son simples. Se enumeran casos que afectan a chilenos o extranjeros, ocurridos entre abril y septiembre del 2016 (inclusive), en actividades que tienen relaci\u00f3n con los deportes de monta\u00f1a (y otros conexos) y que hayan provocado (lamentablemente) v\u00edctimas fatales.<\/div>\n<div class=\"Prrafo\">Como es de entender, un reporte como este solo es posible gracias a la generosa ayuda de muchas otras personas. Entre las cuales en esta oportunidad quisiera mencionar a Natalia Seguel, Leo Mart\u00ednez, Alexander Storm, Rodrigo Escobar, Claudia Riquelme, Cristi\u00e1n Canteros, Daniel Tureo, Mauricio Vargas, Claudio Mu\u00f1oz, Roberto Mercado, Rolando Mart\u00ednez, Constanza Toro, Hern\u00e1n Puga, Andrea L\u00f3pez, Vasco Garc\u00eda, Jaime Rodr\u00edguez y Loreto P\u00e9rez.<\/div>\n<div class=\"Prrafo\">Y, como el asunto es triste y genera dolor, nada de chistes o iron\u00edas en los siguientes segmentos.<\/div>\n<div class=\"Prrafo\">Comencemos.<\/div>\n<div class=\"Seccin\">Mina Los Bronces<\/div>\n<div class=\"Prrafo\">El primero de los incidentes ocurri\u00f3 el 11 de abril, cuando a las 4 de la tarde un helic\u00f3ptero de la empresa Suma Air ingres\u00f3 al interior de la mina Los Bronces para ir en ayuda de un t\u00e9cnico especialista de la consultora Geoestudios que hab\u00eda tenido un accidente (la prensa report\u00f3 que se trat\u00f3 de una fractura). En \u00e9l iban el piloto Andr\u00e9s Silva, el escalador Andr\u00e9s Zegers y el monta\u00f1ista y esquiador Andr\u00e9s Middleton.<\/div>\n<div class=\"Prrafo\">El herido se encontraba acompa\u00f1ado por colegas a la espera de ser evacuado, pero en la maniobra de acercamiento del helic\u00f3ptero una de sus aspas toc\u00f3 el talud y se desestabiliz\u00f3, y\u00e9ndose cuesta abajo por la pendiente e incendi\u00e1ndose. Zegers alcanz\u00f3 a saltar (o fue eyectado, no lo s\u00e9) y con eso se salv\u00f3 de continuar cayendo dentro del aparato, una suerte que sus compa\u00f1eros no tuvieron.<\/div>\n<div class=\"Prrafo\">Los heridos ser\u00edan asistidos inmediatamente por una de las personas que estaba acompa\u00f1ando al accidentado original, y luego se desencadenar\u00eda un operativo de evacuaci\u00f3n que lograr\u00eda trasladarlos de suma urgencia a Santiago. Poco despu\u00e9s se informar\u00eda que Zegers estaba fuera de riesgo vital (solo policontuso), no as\u00ed Silva y Middleton, quienes ingresaron con quemaduras que eran de tal gravedad (por sobre el 90% del cuerpo) que terminar\u00edan por fallecer. Silva en la madrugada del martes 12; Middleton, el domingo 17.<\/div>\n<div class=\"Prrafo\">Algunos podr\u00e1n argumentar que, en rigor, este accidente no es uno de monta\u00f1a (en el sentido cl\u00e1sico de lo que acostumbramos a mencionar aqu\u00ed) sino que uno de tipo a\u00e9reo. Sin embargo me pareci\u00f3 pertinente mencionarlo porque todos los involucrados, incluyendo quienes estaban con el accidentado original, eran y son colegas nuestros. De hecho, Andr\u00e9s Middleton pose\u00eda una larga y contin\u00faa carrera como esquiador, luego como exitoso gu\u00eda de alta monta\u00f1a y m\u00e1s tarde como experto en proyectos de exploraci\u00f3n e investigaci\u00f3n glaciol\u00f3gica. Y Andr\u00e9s Silva, por otro lado, era un ex-piloto de Carabineros de Chile qui\u00e9n realiz\u00f3 aquellos famosos rescates en Torres del Paine en la d\u00e9cada del 90 (entre ellos, el espa\u00f1ol de la Pared Este de la Torre Central y el chileno que cay\u00f3 bajando de la Monzino).<\/div>\n<div class=\"Seccin\">Estero Parraguirre<\/div>\n<div class=\"Prrafo\">Este \u00faltimo invierno los Andes Centrales chilenos vieron la visita de la famosa freerider sueca Matilda Rapaport. Miembro del equipo Red Bull y ganadora, entre otras cosas, del Scandinavian Big Mountain Championships (2011) y el Xtreme Verbier (2013).<\/div>\n<div class=\"Prrafo\">En esta oportunidad ella estaba involucrada en la realizaci\u00f3n de un comercial que implicaba realizar algunos descensos fuera de pista, para lo cual el 14 de julio los involucrados se trasladaron en helic\u00f3ptero al estero Parraguirre (que corre paralelo al Olivares pero m\u00e1s al oriente). Vendr\u00eda una primera bajada por una cara noroeste y no habr\u00eda problemas. Luego el helic\u00f3ptero volver\u00eda a aterrizar en el mismo punto y vendr\u00eda una segunda bajada justo al lado de la primera, pero esta vez cara oeste. Sin embargo en esta ocasi\u00f3n, y cuando ya Rapaport estaba por terminar, se desencaden\u00f3 una avalancha. La esquiadora, que bajaba sola y llevaba todo el equipo de seguridad est\u00e1ndar, trat\u00f3 de evitarla mas terminar\u00eda siendo atrapada por ella.<\/div>\n<div class=\"Prrafo\">El personal de la Parva que fue requerido para ayudar en su rescate la encontr\u00f3 inconsciente y de ah\u00ed Rapaport fue derivada a la Cl\u00ednica UC San Carlos, en Santiago, adonde ingresar\u00eda aproximadamente 90 minutos despu\u00e9s de haber sufrido el accidente. Sin embargo no experimentar\u00eda mejor\u00eda, permaneciendo en dicho centro hospitalario en coma inducido por cuatro d\u00edas, hasta que el 18 de julio fallecer\u00eda por las complicaciones producto del da\u00f1o cerebral debido a la asfixia que la avalancha provoc\u00f3.<\/div>\n<div class=\"Seccin\">Cerro Manquehue<\/div>\n<div class=\"Prrafo\">Tres amigas se encontraban realizando el ascenso del cerro Manquehue por la ruta normal, el 27 de agosto, cuando en el descenso, en horas de la tarde y con la oscuridad no muy lejana, una de ellas, Geraldine Storm (37), qued\u00f3 atr\u00e1s.<\/div>\n<div class=\"Prrafo\">En un principio sus compa\u00f1eras no se preocuparon, adem\u00e1s respaldadas por el continuo intercambio de mensajes de texto que manten\u00edan. Pero la situaci\u00f3n r\u00e1pidamente deriv\u00f3 a franca alarma cuando se hizo de noche, los mensajes cesaron y ella no apareci\u00f3.<\/div>\n<div class=\"Prrafo\">Las autoridades respectivas fueron advertidas de la situaci\u00f3n, pero a pesar de iniciarse inmediatamente el procedimiento de b\u00fasqueda no podr\u00edan encontrarla esa noche. S\u00ed al d\u00eda siguiente, cuando dieron con el cuerpo sin vida de Storm a los pies de un barranco de unos 30 metros de alto.<br \/>\nConsiderando que ella no era una novata, y que se han visto varios accidentes en ese mismo sector (que desde la cumbre se tiende a bajar derecho en direcci\u00f3n hacia el palo de agua), se presume que quiz\u00e1s debido a la oscuridad, ella inadvertidamente habr\u00eda ido a dar al barranco, derrapando y cayendo por \u00e9l.<\/div>\n<div class=\"Seccin\">Cerro San Gabriel<\/div>\n<div class=\"Prrafo\">El s\u00e1bado 3 de septiembre un grupo de 11 personas del club Demonios de Monta\u00f1a se moviliz\u00f3 al cerro San Gabriel para intentar su ascenso por la ruta normal.<\/div>\n<div class=\"Prrafo\">Tras acampar en el primer plateau, ellos partieron en demanda de la cumbre un poco despu\u00e9s de las 5 de la ma\u00f1ana del domingo. Pronto encontraron nieve dura, se calzaron crampones, un compa\u00f1ero se devolvi\u00f3, y una hora y media despu\u00e9s, a\u00fan a obscuras, se detuvieron para descansar (antes de llegar al segundo plateau).<\/div>\n<div class=\"Prrafo\">En eso estaban cuando hubo un entrevero: una persona se resbal\u00f3 un par de metros (logr\u00f3 autodetenerse) y otra compa\u00f1era perdi\u00f3 por un momento el equilibrio (sin consecuencias). Movimientos de riesgo potencial que ocasionaron el s\u00fabito impulso de Marcelo Inostroza, probablemente la persona de m\u00e1s experiencia en el grupo, de bajar para brindar asistencia. Para lo cual tambi\u00e9n se desliz\u00f3 por la nieve, siempre atento a autodetenerse, pero sin percatarse que justo debajo suyo hab\u00eda un resalte; el cual lo hizo ganar velocidad, perder el piolet y desaparecer pendiente abajo en medio de la oscuridad.<\/div>\n<div class=\"Prrafo\">Los siguientes eventos y la preocupaci\u00f3n desencadenada son f\u00e1ciles de imaginar. El grupo a gritos trat\u00f3 de saber de Inostroza, pero, al no obtener respuesta, regres\u00f3 y termin\u00f3 por encontrarlo al inicio del helero, aproximadamente unos 500 metros m\u00e1s abajo. Inostroza ya estaba siendo atendido por otro grupo y se presentaba tan policontuso que de inmediato se hicieron las gestiones para solicitar rescate.<\/div>\n<div class=\"Prrafo\">El GOPE llegar\u00eda al lugar a las 12:15, un helic\u00f3ptero lo sacar\u00eda a las 13:00 horas y pronto estar\u00eda en la Posta Central de Santiago. Pero Inostroza, que a las 11:30 hab\u00eda perdido el conocimiento (para luego caer en un paro cardiorrespiratorio) no sobrevivir\u00eda a pesar de las continuas maniobras de reanimaci\u00f3n que se le hicieron.<\/div>\n<div class=\"Seccin\">Volc\u00e1n Villarrica<\/div>\n<div class=\"Prrafo\">El siguiente problema fue al d\u00eda siguiente (5 de septiembre) en el volc\u00e1n Villarrica.<\/div>\n<div class=\"Prrafo\">El clima en el \u00e1rea era &#8220;razonable&#8221; y se ve\u00eda la actividad habitual para intentar el consabido ascenso. Sin embargo, al llegar al inicio del glaciar, los gu\u00edas a cargo de los grupos comerciales decidieron no continuar debido a que la nieve estaba demasiado dura. Distinto a lo que hizo una familia de 4 franceses, quienes consideraron que no habr\u00eda problema en seguir; entonces se sacaron los randon\u00e9s con los cuales ven\u00edan subiendo, se calzaron los crampones y reanudaron la marcha. Ellos eran Philipe Chlonge (57), su esposa Sylvie y sus hijos Julien (28) y Pierre (20); este \u00faltimo un esquiador extremo.<\/div>\n<div class=\"Prrafo\">No obstante, en alg\u00fan momento de su desplazamiento (saliendo de lo que se conoce como &#8220;El Filo&#8221;) se produjo la ca\u00edda de los 3 varones, quienes fueron a dar a la larga vertiente oeste, una que se aleja de la ruta normal.<\/div>\n<div class=\"Prrafo\">Sylvie pudo advertir a gritos de lo ocurrido (como iba m\u00e1s atr\u00e1s se salv\u00f3 de ser arrastrada) y los gu\u00edas presentes, que como gremio ya cuentan con un protocolo de cooperaci\u00f3n y reacci\u00f3n en caso de accidentes, inmediatamente se reorganizaron: mientras que Sylvie era bajada junto a los clientes, los gu\u00edas Richard Monsalves y Cristi\u00e1n Canteros fueron en ayuda de los franceses.<\/div>\n<div class=\"Prrafo\">Estos \u00faltimos, tras dar con la respectiva l\u00ednea de descenso, observaron que uno de los accidentados (Julien) hab\u00eda resultado indemne de la ca\u00edda (hab\u00eda logrado autodetenerse a tiempo) y estaba justo llegando donde sus familiares, los cuales yac\u00edan uno cerca del otro tras haberse deslizado aproximadamente 400 metros.<\/div>\n<div class=\"Prrafo\">El pap\u00e1 (Philippe) estaba policontuso aunque consciente; pero su hermano (Pierre) no presentaba signos vitales, por lo que Julien procedi\u00f3 inmediatamente a realizarle maniobras de reanimaci\u00f3n. Fue en eso que llegaron los chilenos y tambi\u00e9n una tercera persona, un param\u00e9dico extranjero que andaba de visita en el volc\u00e1n y hab\u00eda presenciado lo ocurrido. Entre todos trataron de salvar la situaci\u00f3n, haciendo lo posible por estabilizar a Philippe y, por supuesto, recuperar a Pierre. Sin embargo, despu\u00e9s de un buen rato trabajando sobre \u00e9l, fue evidente que este hab\u00eda fallecido.<\/div>\n<div class=\"Prrafo\">Debido a lo inaccesible del lugar donde estaban, optaron por bajar a Philippe y Pierre derecho hacia abajo, por un par de horas, hasta que motos de nieve y personal adicional de ayuda los salieron a encontrar viniendo desde abajo.<\/div>\n<div class=\"Seccin\">Volc\u00e1n Puntiagudo<\/div>\n<div class=\"Prrafo\">Una semana despu\u00e9s, en la misma zona, se produjo una peque\u00f1a ventana de buen tiempo; espec\u00edficamente entre el martes 13 y jueves 15 de septiembre. La cual fue aprovechada por varias cordadas para intentar el ascenso del Puntiagudo por su ruta &#8220;normal&#8221; (la Arista Noroeste). En particular debo referirme a dos que entraron al cerro el mi\u00e9rcoles: una constituida por los chilenos Diego Campos (26) y Mauricio Castro (24); la otra por los argentinos Mart\u00edn Marini (33), Fernando Calabozo (30) y Alin Erickson (35).<\/div>\n<div class=\"Prrafo\">Este \u00faltimo escalador solo llegar\u00eda al campamento y se devolver\u00eda, desistiendo de intentar el cerro. Los restantes, tanto chilenos como argentinos, har\u00edan cumbre el d\u00eda jueves, realizar\u00edan juntos los rapeles, en alg\u00fan momento de la bajada ser\u00edan pillados por la noche y el mal tiempo, y cada equipo se refugi\u00f3 en su propia cueva de nieve; cerca unos de los otros, a unos 2.200 metros de altitud. Pero la tormenta continu\u00f3 al d\u00eda siguiente y los muchachos tuvieron que tentar el regreso. Los chilenos hicieron un rapel m\u00e1s, dejaron la cuerda tirada y continuaron ganando terreno en medio de una situaci\u00f3n que ya era cr\u00edtica. Castro pudo adelantarse un poco y logr\u00f3 salir del cerro, encontrando un refugio de le\u00f1adores en medio del bosque donde pudo guarecerse y esperar por su compa\u00f1ero. Pero Campos no apareci\u00f3.<\/div>\n<div class=\"Prrafo\">Castro pas\u00f3 otra noche m\u00e1s ah\u00ed, gritando de vez en cuando para dar con su amigo, pero nada. Al otro d\u00eda, s\u00e1bado 17, y entendiendo que la situaci\u00f3n exced\u00eda lo que \u00e9l pod\u00eda hacer, opt\u00f3 por continuar con el descenso para eventualmente dar aviso de lo que estaba pasando. En paralelo, Erickson (el argentino que no hab\u00eda intentado la ruta) tambi\u00e9n hab\u00eda alertado de la situaci\u00f3n.<\/div>\n<div class=\"Prrafo\">A partir de ese momento comenzar\u00eda los procedimientos de b\u00fasqueda y rescate, en la medida que el clima lo permit\u00eda y siempre con la esperanza de encontrarlos con vida refugiados en alguna parte. Pero el domingo 18 los cuerpos sin vida de Campos y Marini fueron visualizados (y recuperados) mientras que el de Calabozo aparecer\u00eda casi una semana despu\u00e9s de los hechos, el 23 de septiembre.<\/div>\n<div class=\"Prrafo\">Se asume que la causa principal de sus decesos fue la hipotermia. Una gatillada y potenciada por el mal clima, las bajas temperaturas y el agotamiento.<\/div>\n<div class=\"Seccin\">Armerillo<\/div>\n<div class=\"Prrafo\">Para el siguiente incidente, es mejor partir refiri\u00e9ndose a los hechos.<\/div>\n<div class=\"Prrafo\">El 1 de septiembre, el chileno Guillermo Romero, de 38 a\u00f1os de edad, sali\u00f3 de excursi\u00f3n; dos meses m\u00e1s tarde, el 14 de noviembre, sus restos mortales fueron encontrados por pescadores cerca de un r\u00edo al interior de San Clemente, en la zona de Armerillo (esto es donde confluyen los r\u00edos Claro, Melado y Maule, en la s\u00e9ptima regi\u00f3n de Chile). Adicionalmente se report\u00f3 que cerca suyo estaban los restos de una fogata y tambi\u00e9n un casco de escalada.<\/div>\n<div class=\"Prrafo\">Eso es lo que se sabe con certeza. Ahora, tratar de reconstruir lo ocurrido usando para ello la informaci\u00f3n de la cual se dispone&#8230; es algo m\u00e1s aventurado.<\/div>\n<div class=\"Prrafo\">Romero ten\u00eda experiencia en actividades al aire libre y antes de partir hab\u00eda manifestado, a trav\u00e9s de las redes sociales, su intenci\u00f3n de realizar alguna actividad para los primeros d\u00edas de septiembre. Pero los planes que comunic\u00f3 no fueron consistentes y variaron entre realizar una excursi\u00f3n a las Cascadas de las \u00c1nimas (sector del r\u00edo Achibueno) o hacer la caminata de 15 kil\u00f3metros por la ruta Talca Corinto.<\/div>\n<div class=\"Prrafo\">Lo que s\u00ed no puedo dejar pasar, lo lamento, es que se le critic\u00f3 mucho a su familia que solo advirtiera de su desaparici\u00f3n el 30 de septiembre; es decir, un mes m\u00e1s tarde. Reproche que encuentro injusto porque, primero, Romero era mayor de edad; y, segundo, porque \u00e9l acostumbraba a partir por per\u00edodos extensos de tiempo sin dar noticias de su paradero. Una actitud que es m\u00e1s frecuente de lo que se admite entre quienes gustan de la vida al aire libre.<\/div>\n<div class=\"Seccin\">Varios<\/div>\n<div class=\"Prrafo\">Por supuesto, hubo otras v\u00edctimas fatales en actividades que comparten nuestro teatro de acci\u00f3n aunque no son consideradas habitualmente como monta\u00f1ismo (y sus subdivisiones). De ellas, quisiera mencionar tres.<\/div>\n<div class=\"Prrafo\">A mediados de abril se realiz\u00f3 en la zona de Puerto Natales, y en medio de condiciones clim\u00e1ticas adversas, la segunda edici\u00f3n de la Ultra Fiord 2016. En dicha prueba el s\u00e1bado 16 de abril uno de los participantes en la distancia de 160 kil\u00f3metros (la ultra marat\u00f3n), el mexicano Arturo Mart\u00ednez de 58 a\u00f1os de edad, falleci\u00f3 cuando ya llevaba m\u00e1s de 24 horas de carrera y hab\u00eda cubierto por lo menos 90 kil\u00f3metros del recorrido. Un nuevo caso fatal que afecta al trail runner. Y creo que ha llegado el momento de entrar a analizar en mayor detalle lo que est\u00e1 ocurriendo en esta disciplina, algo que pretendo hacer en la siguiente columnas.<\/div>\n<div class=\"Prrafo\">En paralelo, un sistema frontal afect\u00f3 la zona central a partir del 13 de abril, causando da\u00f1os de distinta consideraci\u00f3n y generando preocupaci\u00f3n por el destino de 7 arrieros en la comuna de San Fernando. Con el paso de los d\u00edas todos ellos aparecer\u00edan, no as\u00ed Mateo Machuca, de 73 a\u00f1os, cuyo cuerpo sin vida fue encontrado el 7 de mayo por una patrulla de Carabineros en la quebrada Las Yeguas, a unos 10 kil\u00f3metros de Termas del Flaco.<\/div>\n<div class=\"Prrafo\">Y, finalmente, el caso de Renato Jhonson, de 49 a\u00f1os, quien el 17 de julio realizaba descenso en bicicleta de monta\u00f1a y fue a dar a las aguas del embalse El Yeso, ahog\u00e1ndose.<\/div>\n<div class=\"Seccin\">No Fatales<\/div>\n<div class=\"Prrafo\">Hasta ah\u00ed se tendr\u00eda la lista de los accidentes con resultado fatal. Pero, en cuanto a aquellos donde las v\u00edctimas sobrevivieron pues&#8230; se repiti\u00f3 la tendencia observada en las temporadas anteriores: una enorme cantidad de incidentes. Imposible cubrirlos todos con propiedad. Y si replico algunos aqu\u00ed, es solo para que tengan una idea de los que estamos hablando.<\/div>\n<div class=\"Prrafo\">Casos como: un escalador en Torrecillas del Manzano que se cay\u00f3 15 metros en la ruta Satori, un joven que estuvo desaparecido 12 d\u00edas en Altos de Lircay en abril (fue encontrado con una fractura), un perdido en el Leonera que termin\u00f3 con amputaciones en sus dedos de las manos por congelamientos (tambi\u00e9n en abril), una grav\u00edsima ca\u00edda con m\u00faltiples fracturas y compromiso de consciencia en el Diente el Diablo, dos perdidos en el Punta de Damas que terminaron pasando la noche a pelo, un franc\u00e9s lesionado en el Descabezado Grande (fractura), un corredor trail runner perdido en la Sierra de Ram\u00f3n en mayo, m\u00faltiples accidentes en el Antuco a principios de septiembre con fracturas para todo los gustos, una joven perdida tres d\u00edas en el Punta de Damas, un accidente en el Planch\u00f3n, y luego tambi\u00e9n otros en el San Jos\u00e9, Piuquencillo, Melosas, Minillas, Manquehue, Pochoco, Los Que\u00f1es, La Campana, etc. etc., etc.<\/div>\n<div class=\"Prrafo\">Volumen de informaci\u00f3n estos \u00faltimos que (cambia todo cambia) para un recuento como el que yo realiz\u00f3 se ha hecho inmanejable. Raz\u00f3n por la cual a partir de ahora dejar\u00e9 de contabilizarlos, para solo mejor enfocarme en las v\u00edctimas de accidentes fatales.<\/div>\n<div class=\"Firma\">El Anticristo<br \/>\n<a href=\"mailto:anticristo@aruficax.cl\">anticristo@aruficax.cl<\/a><\/div>\n<\/div>\n\n<!-- Facebook Like Button v1.9.6 BEGIN [http:\/\/blog.bottomlessinc.com] -->\n<iframe src=\"http:\/\/www.facebook.com\/plugins\/like.php?href=https%3A%2F%2Fwww.escalando.org%2Fanticristo%2Faccidentes-2016-temporada-baja%2F&amp;layout=standard&amp;show_faces=true&amp;width=450&amp;action=like&amp;colorscheme=light\" scrolling=\"no\" frameborder=\"0\" allowTransparency=\"true\" style=\"border:none; overflow:hidden; width:450px; height: 100px; align: left; margin: 20px 0px 2px 0px\"><\/iframe>\n<!-- Facebook Like Button END -->\n","protected":false},"excerpt":{"rendered":"<p>Accidentes fatales relacionados con la pr\u00e1ctica del monta\u00f1ismo en Chile, y actividades relacionadas, ocurridas entre abril y septiembre (inclusive) del 2016. Hecho con respeto y con la idea de ir construyendo las bases de un debate informado.<\/p>\n","protected":false},"author":2,"featured_media":0,"comment_status":"open","ping_status":"closed","sticky":false,"template":"","format":"standard","meta":{"_et_pb_use_builder":"","_et_pb_old_content":"","_et_gb_content_width":"","_s2mail":"yes","footnotes":""},"categories":[3],"tags":[],"class_list":["post-860","post","type-post","status-publish","format-standard","hentry","category-articulospublicados"],"_links":{"self":[{"href":"https:\/\/www.escalando.org\/anticristo\/wp-json\/wp\/v2\/posts\/860","targetHints":{"allow":["GET"]}}],"collection":[{"href":"https:\/\/www.escalando.org\/anticristo\/wp-json\/wp\/v2\/posts"}],"about":[{"href":"https:\/\/www.escalando.org\/anticristo\/wp-json\/wp\/v2\/types\/post"}],"author":[{"embeddable":true,"href":"https:\/\/www.escalando.org\/anticristo\/wp-json\/wp\/v2\/users\/2"}],"replies":[{"embeddable":true,"href":"https:\/\/www.escalando.org\/anticristo\/wp-json\/wp\/v2\/comments?post=860"}],"version-history":[{"count":8,"href":"https:\/\/www.escalando.org\/anticristo\/wp-json\/wp\/v2\/posts\/860\/revisions"}],"predecessor-version":[{"id":1222,"href":"https:\/\/www.escalando.org\/anticristo\/wp-json\/wp\/v2\/posts\/860\/revisions\/1222"}],"wp:attachment":[{"href":"https:\/\/www.escalando.org\/anticristo\/wp-json\/wp\/v2\/media?parent=860"}],"wp:term":[{"taxonomy":"category","embeddable":true,"href":"https:\/\/www.escalando.org\/anticristo\/wp-json\/wp\/v2\/categories?post=860"},{"taxonomy":"post_tag","embeddable":true,"href":"https:\/\/www.escalando.org\/anticristo\/wp-json\/wp\/v2\/tags?post=860"}],"curies":[{"name":"wp","href":"https:\/\/api.w.org\/{rel}","templated":true}]}}