{"id":846,"date":"2016-08-16T19:44:28","date_gmt":"2016-08-16T23:44:28","guid":{"rendered":"http:\/\/www.escalando.org\/anticristo\/?p=846"},"modified":"2021-10-28T10:09:36","modified_gmt":"2021-10-28T14:09:36","slug":"accidentes-2015-2016-temporada-alta","status":"publish","type":"post","link":"https:\/\/www.escalando.org\/anticristo\/accidentes-2015-2016-temporada-alta\/","title":{"rendered":"Accidentes 2015-2016 (Temporada Alta)"},"content":{"rendered":"<div id=\"Contenido\">\n<div id=\"Fecha\">Agosto 2016<\/div>\n<div class=\"PrrafoPrimero\">Como ya es h\u00e1bito, a continuaci\u00f3n con ustedes el recuento de los accidentes fatales ocurridos entre octubre del 2015 y marzo del 2016 en los ambientes de monta\u00f1a de nuestro pa\u00eds debido a la pr\u00e1ctica del monta\u00f1ismo o sus actividades relacionadas.<\/div>\n<div class=\"Prrafo\">El cual no podr\u00eda haberse realizado sin la desinteresada ayuda de quienes conf\u00edan en esta idea de transparentar lo ocurrido; entre los cuales debo mencionar a Natalia Seguel, Diego Villalobos, Maximiliano Villar, Javier Reyes, Daniel Tureo, Mauricio Vargas,Leonardo Mart\u00ednez, Damien Gildea y otros, a quienes si olvid\u00e9 mencionar expl\u00edcitamente de antemano les pido las disculpas del caso.<\/div>\n<div class=\"Prrafo\">Esta vez el reporte est\u00e1 estructurado en 4 secciones: primero el detalle de los incidentes con directa relaci\u00f3n al monta\u00f1ismo (incluyendo aqu\u00ed la escalada), luego los vinculados al excursionismo, despu\u00e9s los que acontecieron en disciplinas relacionadas, y, por \u00faltimo, un breve vistazo a los sustos, es decir, aquellos que tuvieron final feliz.<\/div>\n<div class=\"Seccin\">Monta\u00f1ismo I<\/div>\n<div class=\"Prrafo\">El 12 de octubre cinco personas hac\u00edan escalada tradicional en El Alfalfal. Al final del d\u00eda estaban en una ruta localizada cerca del Puente del Quillay (al lado de esa fisura donde tiempo atr\u00e1s hubo un rescate por rodilla empotrada), cuando aproximadamente a las 20:00 horas, uno de ellos, Gonzalo Gajardo, se aboc\u00f3 a desequiparla.<\/div>\n<div class=\"Prrafo\">\u00c9l comenz\u00f3 a rapelear en doble, retir\u00f3 un par de protecciones previamente puestas y, estando a unos 5 metros por debajo del anclaje, las cuerdas de las cuales colgaba se soltaron desde arriba; haci\u00e9ndolo volar por unos 15 metros hasta impactar directamente de espaldas en un suelo de piedras.<\/div>\n<div class=\"Prrafo\">Tras el accidente, algunos de sus compa\u00f1eros fueron a buscar ayuda y otros trataron de estabilizarlo, pero lamentablemente Gajardo, quien estaba usando casco, fallecer\u00eda en el mismo lugar debido a las heridas producidas.<\/div>\n<div class=\"Prrafo\">Pasado el impacto de lo ocurrido, habr\u00eda un entendible deseo por determinar las causas del accidente. Acerca de las cuales yo solo puedo indicar responsablemente que la cuerda no se rompi\u00f3, que a Gonzalo no se le fue la cuerda por entre las manos y que tampoco fall\u00f3 el anclaje, puesto que una posterior revisi\u00f3n confirmar\u00eda que estos segu\u00edan en su lugar.<\/div>\n<div class=\"Seccin\">Monta\u00f1ismo II<\/div>\n<div class=\"Prrafo\">Quiz\u00e1s el objetivo m\u00e1s exigente no logrado a\u00fan en el mundo es el cruce sin soporte de Ant\u00e1rtica.<\/div>\n<div class=\"Prrafo\">La mera enunciaci\u00f3n del desaf\u00edo desencadena una complicada discusi\u00f3n acerca de los conceptos que involucra, que van desde determinar un apropiado punto de partida y llegada, hasta el grado de purismo del estilo que se va a utilizar. Elaboraciones sobre las cuales, por supuesto, no hablar\u00e9 hoy dado que exceden el prop\u00f3sito de este recuento.<\/div>\n<div class=\"Prrafo\">Teniendo eso presente, se puede decir que en noviembre del 2015 se llev\u00f3 a cabo un nuevo intento. Ahora a manos del brit\u00e1nico Henry Worsley; un explorador que estaba entrenado, ten\u00eda experiencia y con una edad, 55 a\u00f1os, que no era un impedimento para un desaf\u00edo de tan largo aliento como este.<\/div>\n<div class=\"Prrafo\">Worsley parti\u00f3 el 13 de noviembre del 2015 desde la isla Berkner (Casco de Hielo Ronne), sin parapentes, usando esqu\u00eds y arrastrando un trineo de 150 kilos. As\u00ed, surc\u00f3 East Antartica, pas\u00f3 por el Polo Sur y aceler\u00f3 a\u00fan m\u00e1s despu\u00e9s, perdiendo peso y llegando a su l\u00edmite fisiol\u00f3gico. Tanto as\u00ed que en el d\u00eda 69 de su viaje, y con 1.469 kil\u00f3metros recorridos, tuvo que detenerse debido a que se sent\u00eda mal. Pas\u00f3 dos d\u00edas dentro de su tienda esperando a ver c\u00f3mo evolucionaba, pero, debilitado, deshidratado y con fiebre, no tuvo m\u00e1s alternativa que abortar el esfuerzo y solicitar rescate.<\/div>\n<div class=\"Prrafo\">Habr\u00eda un operativo a\u00e9reo para extraerlo y trasladarlo a Punta Arenas, donde ingresar\u00eda de urgencia, se le diagnosticar\u00eda peritonitis y terminar\u00eda por fallecer debido a fallas org\u00e1nicas multisist\u00e9micas.<\/div>\n<div class=\"Prrafo\">Una pena. Porque el punto final de Wesley era la costa del Casco de Hielo Ross. Que estaba, desde su \u00faltimo campamento, a escasos y tristes 48 kil\u00f3metros.<\/div>\n<div class=\"Prrafo\">Nada.<\/div>\n<div class=\"Seccin\">Monta\u00f1ismo III<\/div>\n<div class=\"Prrafo\">Cuatro j\u00f3venes chilenos, Nicol\u00e1s Oses (22), Tom\u00e1s Pi\u00f1eiro (21), Anthon Pohl (21) y Diego Villalobos (21) partieron de Santiago el lunes 1 de febrero con la intenci\u00f3n de realizar un par de ascensos.<\/div>\n<div class=\"Prrafo\">Tras subir el Uni\u00f3n el 2 de febrero, el jueves 4 se abocaron al cerro Arenas. Pero por error se desviaron un poco m\u00e1s a la izquierda de lo que se considera la ruta normal; lo que provoc\u00f3 que el fino acarreo con el cual hab\u00edan partido se transformara despu\u00e9s en otro compuesto por bloques grandes.<\/div>\n<div class=\"Prrafo\">No c\u00f3modos con la situaci\u00f3n, y considerando que bajar por donde mismo pod\u00eda ser m\u00e1s peligroso a\u00fan, decidieron continuar para alcanzar una meseta que les dar\u00eda la opci\u00f3n de acceder a un terreno m\u00e1s seguro. Desplazamiento en el cual estaban, cuando, aproximadamente a las 16:35 horas, y a unos 3.200 metros de altitud, vieron venir en su direcci\u00f3n un rodado de enormes piedras.<\/div>\n<div class=\"Prrafo\">El ruido fue infernal y los j\u00f3venes intentaron cubrirse, pero Oses no pudo, fue impactado masivamente y falleci\u00f3 en el acto.<\/div>\n<div class=\"Prrafo\">Tras un segundo desprendimiento, m\u00e1s peque\u00f1o y breve, Villalobos y Pohl podr\u00edan constatar el fallecimiento de su compa\u00f1ero. Luego de lo cual atender\u00edan a Pi\u00f1eiro, que no estaba en riesgo vital pero s\u00ed con un serio golpe en la boca. Luego de lo cual, y entendiendo que no hab\u00eda m\u00e1s que hacer ah\u00ed, trasladar\u00edan a este hasta las instalaciones de Alto Maipo, desde donde se dar\u00eda aviso de lo sucedido.<\/div>\n<div class=\"Seccin\">Excursionismo<\/div>\n<div class=\"Prrafo\">El primero a revisar ocurri\u00f3 en el cord\u00f3n precordillerano de Santiago, en noviembre, cuando el germano alem\u00e1n G\u00fcnther Fischer (85) realizaba una excursi\u00f3n en la Sierra del Ram\u00f3n.<\/div>\n<div class=\"Prrafo\">Tras ingresar el jueves 19 por el Parque Mahuida, se le hizo tarde y no dio con la bajada exacta. Pudo comunicarse por celular con su familia hasta que la bater\u00eda de su celular se agot\u00f3, luego de lo cual nada m\u00e1s de \u00e9l se sabr\u00eda. Hasta que, tras un intenso procedimiento de b\u00fasqueda, su cuerpo sin vida ser\u00eda encontrado a mediod\u00eda del s\u00e1bado 21 en una quebrada ubicada en Aguas de Ram\u00f3n, un poco m\u00e1s al norte del que hab\u00eda sido su punto de entrada.<\/div>\n<div class=\"Prrafo\">El segundo incidente aconteci\u00f3 el 25 de enero a estudiantes de la Universidad Diego Portales. Quienes planificaron una excursi\u00f3n a la laguna El Cop\u00edn, ubicada en el sector de Campos de Ahumada, al norte de la ciudad de los Andes. Infortunadamente en el transcurso de la actividad, cuando estaban en el caj\u00f3n del Saino, espec\u00edficamente en la Quebrada Seca (o Las Lajas), y alrededor de las 13:00 horas, Mat\u00edas L\u00f3pez (21) se cay\u00f3 unos seis metros por una ladera terminando con un traumatismo craneano que ser\u00eda mortal.<\/div>\n<div class=\"Seccin\">Relacionados<\/div>\n<div class=\"Prrafo\">Las carreras de aventura no enfrentan ni los mismos riesgos ni poseen la misma din\u00e1mica que el monta\u00f1ismo, pero su teatro de acci\u00f3n tiene \u00e1reas de traslape y, por ello, es conveniente revisarlos tambi\u00e9n.<\/div>\n<div class=\"Prrafo\">El caso en cuesti\u00f3n ocurri\u00f3 en la segunda versi\u00f3n del \u201cUltra Trail Torres del Paine&#8221;. Prueba de 50 kil\u00f3metros de largo que comenz\u00f3 a las 8 de la ma\u00f1ana del 3 de octubre y en la cual participaba el argentino Jonathan Canto (23). Este ser\u00eda visto por un amigo en el km. 18, donde aquel manifest\u00f3 que estaba sin problemas, solo cansado. Sin embargo, a las 13:30 horas, ya cerca del kil\u00f3metro 30, y a escasos metros del Campamento Italiano, Canto colapsar\u00eda y fallecer\u00eda. D\u00edas despu\u00e9s la respectiva autopsia constatar\u00eda que la causa de su deceso ser\u00eda un paro cardio-respiratorio. Lo cual da para varias lecturas, en las cuales, de nuevo, no es buena idea profundizar ahora.<\/div>\n<div class=\"Prrafo\">Y despu\u00e9s tenemos a la belga Margaret Guillaume (68), quien, a las aproximadamente 9 de la ma\u00f1ana del 8 de octubre se cay\u00f3 de espaldas a uno de los pozones de agua hirviendo en los Geyseres del Tatio, siendo auxiliada inmediatamente por Daout Francois (64), quien en su esfuerzo tambi\u00e9n sufrir\u00eda quemaduras. Ambos ser\u00edan trasladados a San Pedro de Atacama y de ah\u00ed a Calama, donde Daout present\u00f3 solo heridas en los antebrazos, sin riesgo vital; no as\u00ed Margaret, quien ten\u00eda extensivas quemaduras en su cuerpo cercanas al 70%. Las cuales requirieron su posterior traslado a Santiago, donde terminar\u00eda por fallecer una semana despu\u00e9s.<\/div>\n<div class=\"Prrafo\">El \u00faltimo caso, uno cuya inclusi\u00f3n en este reporte es difuso debido a los criterios que normalmente utilizo, es el de Germ\u00e1n Godoy (24), que fallecer\u00eda en la noche del 21 de enero en Temuco, tras haberse estrellado contra un \u00e1rbol en un canopy en Puc\u00f3n.<\/div>\n<div class=\"Seccin\">Casos No Fatales<\/div>\n<div class=\"Prrafo\">Finalmente, un listado &#8220;somero&#8221;, e incompleto, de los sustos que se produjeron.<\/div>\n<div class=\"Prrafo\">En Cocham\u00f3 una cuerda que se cort\u00f3 y provoc\u00f3 un fenomenal deslizamiento a la involucrada hasta que la otro cuerda la detuvo, una ca\u00edda grave de una menor de edad en el muro del Mall Sport, una ca\u00edda en escalada deportiva que arranc\u00f3 un perno de expansi\u00f3n en El Array\u00e1n, un tipo perdido en el Leonera por tormenta y rescatado en helic\u00f3ptero, una fractura expuesta al cruzar un r\u00edo torrentoso en \u00e1rea de Campo de Hielo Norte, una ca\u00edda de 15 metros en El Array\u00e1n que dej\u00f3 dientes rotos y cortes en la cabeza, en el Aconcagua un edema pulmonar y una quemadura ocular en un grupo chileno, una chica evacuada en Aguas de Ram\u00f3n por una lesi\u00f3n en su pierna, similar a otra que acaeci\u00f3 en el Tres hermanos, una ca\u00edda en Punta Ventanas con fractura de mu\u00f1eca, una luxaci\u00f3n de hombro en el Bosque M\u00e1gico, una lesi\u00f3n de tend\u00f3n en Cocham\u00f3, un edema pulmonar en El Plomo, monta\u00f1istas perdidos en Ral\u00fan, un rescate en el cerro T\u00f3rtolas, etc., etc., etc.<\/div>\n<div class=\"Seccin\">Y para no olvidar&#8230;<\/div>\n<div class=\"Prrafo\">Que la moraleja de estas l\u00edneas no debe ser dejar de hacer locuras. Sino que tentarlas inteligentemente.<\/div>\n<div class=\"Firma\">El Anticristo<br \/>\n<a href=\"mailto:anticristo@aruficax.cl\">anticristo@aruficax.cl<\/a><\/div>\n<\/div>\n\n<!-- Facebook Like Button v1.9.6 BEGIN [http:\/\/blog.bottomlessinc.com] -->\n<iframe src=\"http:\/\/www.facebook.com\/plugins\/like.php?href=https%3A%2F%2Fwww.escalando.org%2Fanticristo%2Faccidentes-2015-2016-temporada-alta%2F&amp;layout=standard&amp;show_faces=true&amp;width=450&amp;action=like&amp;colorscheme=light\" scrolling=\"no\" frameborder=\"0\" allowTransparency=\"true\" style=\"border:none; overflow:hidden; width:450px; height: 100px; align: left; margin: 20px 0px 2px 0px\"><\/iframe>\n<!-- Facebook Like Button END -->\n","protected":false},"excerpt":{"rendered":"<p>Recuento de los accidentes fatales relacionados con la pr\u00e1ctica del monta\u00f1ismo en Chile que ocurrieron entre octubre 2015 y marzo del 2016, inclusive. Hecho con respeto y con la idea de ir construyendo las bases de un debate informado.<\/p>\n","protected":false},"author":2,"featured_media":0,"comment_status":"open","ping_status":"closed","sticky":false,"template":"","format":"standard","meta":{"_et_pb_use_builder":"","_et_pb_old_content":"","_et_gb_content_width":"","_s2mail":"yes","footnotes":""},"categories":[3],"tags":[],"class_list":["post-846","post","type-post","status-publish","format-standard","hentry","category-articulospublicados"],"_links":{"self":[{"href":"https:\/\/www.escalando.org\/anticristo\/wp-json\/wp\/v2\/posts\/846","targetHints":{"allow":["GET"]}}],"collection":[{"href":"https:\/\/www.escalando.org\/anticristo\/wp-json\/wp\/v2\/posts"}],"about":[{"href":"https:\/\/www.escalando.org\/anticristo\/wp-json\/wp\/v2\/types\/post"}],"author":[{"embeddable":true,"href":"https:\/\/www.escalando.org\/anticristo\/wp-json\/wp\/v2\/users\/2"}],"replies":[{"embeddable":true,"href":"https:\/\/www.escalando.org\/anticristo\/wp-json\/wp\/v2\/comments?post=846"}],"version-history":[{"count":11,"href":"https:\/\/www.escalando.org\/anticristo\/wp-json\/wp\/v2\/posts\/846\/revisions"}],"predecessor-version":[{"id":1224,"href":"https:\/\/www.escalando.org\/anticristo\/wp-json\/wp\/v2\/posts\/846\/revisions\/1224"}],"wp:attachment":[{"href":"https:\/\/www.escalando.org\/anticristo\/wp-json\/wp\/v2\/media?parent=846"}],"wp:term":[{"taxonomy":"category","embeddable":true,"href":"https:\/\/www.escalando.org\/anticristo\/wp-json\/wp\/v2\/categories?post=846"},{"taxonomy":"post_tag","embeddable":true,"href":"https:\/\/www.escalando.org\/anticristo\/wp-json\/wp\/v2\/tags?post=846"}],"curies":[{"name":"wp","href":"https:\/\/api.w.org\/{rel}","templated":true}]}}