{"id":838,"date":"2016-03-13T23:51:59","date_gmt":"2016-03-14T03:51:59","guid":{"rendered":"http:\/\/www.escalando.org\/anticristo\/?p=838"},"modified":"2021-10-28T10:11:40","modified_gmt":"2021-10-28T14:11:40","slug":"accidentes-2015-temporada-baja","status":"publish","type":"post","link":"https:\/\/www.escalando.org\/anticristo\/accidentes-2015-temporada-baja\/","title":{"rendered":"Accidentes 2015 (Temporada Baja)"},"content":{"rendered":"<div id=\"Contenido\">\n<div id=\"Fecha\">Enero 2016<\/div>\n<div class=\"PrrafoPrimero\">A continuaci\u00f3n encontrar\u00e1n ustedes las principales incidencias de la parte no tan bonita del monta\u00f1ismo y la escalada. Esto es, sus accidentes.<\/div>\n<div class=\"Prrafo\">Como es la tradici\u00f3n, les repito de nuevo las reglas: centrado solo en los casos fatales, presentados en cierto orden cronol\u00f3gico, ocurridos entre abril y septiembre del 2015 inclusive (esto es, el per\u00edodo de relativa menor actividad), sin chistes de mi parte debido a lo serio del tema, incorporando incluso incidencias que no est\u00e1n directamente relacionadas con nuestra disciplina, tratando de entregar informaci\u00f3n de primera fuente, y siempre enfocado en los hechos y no en la b\u00fasqueda de culpables, responsables o negligencias.<\/div>\n<div class=\"Prrafo\">Reporte que solo pudo completarse gracias a la desinteresada ayuda de varias personas, entre las cuales puedo mencionar a Alexis Rojas, Hern\u00e1n Puga, Natalia Seguel, Vasco Garc\u00eda, Leo Mart\u00ednez, Daniel Tureo, C\u00e9sar Galaz, Rodney Gonz\u00e1lez y otros.<\/div>\n<div class=\"Prrafo\">Comencemos.<\/div>\n<div class=\"Seccin\">Termas del Flaco<\/div>\n<div class=\"Prrafo\">En la cordillera de San Fernando se han abierto varias nuevas zonas de escalada, tanto deportiva como tradicional. Una de ellas es la denominada &#8220;Los H\u00fasares&#8221;, ubicada aproximadamente en el kil\u00f3metro 40 de la ruta I-45 (la que va a las Termas del Flaco). Adonde este 3 de julio \u00faltimo se dirigieron 7 personas para equipar y escalar.<\/div>\n<div class=\"Prrafo\">Precisamente una de esas cordadas estaba en &#8220;Tranquila Quila&#8221;, una ruta de escalada deportiva de 12 chapas y 29 metros. Tras ser encadenada por uno de ellos, el segundo subi\u00f3 asegurado desde arriba y, para bajar, ellos decidieron hacerlo usando la t\u00e9cnica de rapel simult\u00e1neo, lo cual lo har\u00edan usando aparatos de bloqueo autom\u00e1tico y con nudos en los extremos de la cuerda.<\/div>\n<div class=\"Prrafo\">Si bien es cierto que ambos partieron desde arriba al mismo tiempo, uno de ellos se encarg\u00f3 de ir sacando las cintas expr\u00e9s, lo que permiti\u00f3 que su compa\u00f1ero llegara primero al anclaje de abajo. Y aqu\u00ed fue donde hubo un problema: la cuerda llegaba muy justo a la reuni\u00f3n. Esto oblig\u00f3 al respectivo escalador a hacer algunos acomodos para resolverlo, lo que en alg\u00fan momento, y de forma inadvertida, hizo que la cuerda se fuera y provocara la falla de sustentaci\u00f3n de su compa\u00f1ero, Gino Polidori, de 34 a\u00f1os de edad. Quien cay\u00f3 lo que le faltaba por bajar al anclaje, 10 metros, m\u00e1s otros tantos de aproximaci\u00f3n de IV grado que esa ruta tiene en su base.<\/div>\n<div class=\"Prrafo\">Polidori qued\u00f3 en estado grave y recibi\u00f3 inmediatamente y debida asistencia de parte de C\u00e9sar y Rodrigo Galaz, quienes estaban en el grupo y eran tambi\u00e9n miembros del CSA filial San Fernando. Luego de lo cual habr\u00eda movimientos varios que derivar\u00edan en la evacuaci\u00f3n de Polidori en camilla con la ayuda del GOPE y Bomberos.<\/div>\n<div class=\"Prrafo\">Una vez alcanzado el camino de auto, ser\u00eda ingresado en una ambulancia que lo llevar\u00eda al Hospital Regional de Rancagua, donde Polidori se debatir\u00eda entre la vida y la muerte por 3 d\u00edas. Lamentablemente terminando por fallecer producto de las heridas producidas.<\/div>\n<div class=\"Seccin\">Volc\u00e1n Osorno<\/div>\n<div class=\"Prrafo\">La delegaci\u00f3n Puerto Varas del CSA realizaba el 4 de julio una sesi\u00f3n de pr\u00e1cticas en el volc\u00e1n Osorno, con unas 10 personas.<\/div>\n<div class=\"Prrafo\">Un poco antes de las 10:30 de la ma\u00f1ana uno de los aspirantes, Fernando Morales de 41 a\u00f1os de edad, y debido a lo duro que estaba la nieve, fue a calzarse los crampones; maniobra en la cual perdi\u00f3 el equilibro, se resbal\u00f3 por la pendiente y cay\u00f3 unos 250 metros, hasta detenerse por s\u00ed solo en un plano.<\/div>\n<div class=\"Prrafo\">Como es de comprender, la ca\u00edda lo dej\u00f3 polifracturado. Al igual que el caso anterior, aqu\u00ed tambi\u00e9n pronto ser\u00eda auxiliado correctamente, siendo inmovilizado y trasladado en camilla cerro abajo, donde luego una ambulancia lo llevar\u00eda primero a la Cl\u00ednica Alemana de Puerto Varas, y de ah\u00ed luego al Hospital Base de Puerto Montt, donde qued\u00f3 internado.<\/div>\n<div class=\"Prrafo\">Sin embargo, con el paso de los d\u00edas aparecieron complicaciones y tres semanas despu\u00e9s de ocurrir el accidente, el 26 de julio fallecer\u00eda por una pancreatitis.<\/div>\n<div class=\"Seccin\">Termas de Chill\u00e1n<\/div>\n<div class=\"Prrafo\">El tercer incidente ocurri\u00f3 el 3 de agosto, un poco m\u00e1s al norte, en la VIII regi\u00f3n.<\/div>\n<div class=\"Prrafo\">Dos j\u00f3venes, Luciano Cuneo, de 24 a\u00f1os, y Olivere Maxwell Musgrave, brasile\u00f1o de 28, se mov\u00edan en el sector de la pista El Huinche, Centro de Esqu\u00ed Termas de Chill\u00e1n. Cuando Cuneo, haciendo snowboard fuera de pista y usando casco, fue atrapado por una avalancha. Maxwell Musgrave sali\u00f3 ileso y pudo dar aviso de lo ocurrido, generando el frenes\u00ed habitual que da paso a este tipo de desgracias.<\/div>\n<div class=\"Prrafo\">Seg\u00fan las versiones que pude escuchar, los pisteros habr\u00edan llegado en motos de nieve y les tomar\u00eda 50 minutos encontrar a un Cuneo herido e hipot\u00e9rmico. Lo atender\u00edan primero en el Centro de Esqu\u00ed, desde donde ser\u00eda trasladado con el SAMU hasta el hospital Herminda Martin de Chill\u00e1n, trayecto en el cual fallecer\u00eda debido a la gravedad de su estado.<\/div>\n<div class=\"Seccin\">Volc\u00e1n Villarrica<\/div>\n<div class=\"Prrafo\">El \u00faltimo caso de la temporada ocurri\u00f3 a fines de septiembre, en el volc\u00e1n Villarrica.<\/div>\n<div class=\"Prrafo\">Se trat\u00f3 de Julio Lorca, un chileno de 40 a\u00f1os de edad que, viajando desde Santiago en bus, se registr\u00f3 en el control de acceso de CONAF el d\u00eda martes 22 de septiembre, avisando que quer\u00eda hacer una caminata.<\/div>\n<div class=\"Prrafo\">Tras ingresar, comenzar\u00eda a enviar mensajes de texto en los cuales advert\u00eda que no iba a regresar; los cuales, como es de comprender, alert\u00f3 a sus cercanos acerca de lo que estaba ocurriendo y derivaron en alg\u00fan momento en un operativo de b\u00fasqueda.<\/div>\n<div class=\"Prrafo\">Los medios de prensa afirmaron que este comenz\u00f3 al d\u00eda siguiente, a cargo de varias organizaciones (GOPE, CONAF, CSA). Como el clima no estuvo bueno, solo dar\u00edan con \u00e9l el lunes 28, encontr\u00e1ndose su cuerpo sin vida en la base del antiguo andarivel 6. Lorca no vest\u00eda ropas de monta\u00f1ista, ni ten\u00eda equipo apropiado para nada. Claramente todo indicaba que se trataba de un suicidio.<\/div>\n<div class=\"Prrafo\">Solo mencionar esta palabra trae aparejado una cantidad importante de temas conexos. Desde las razones por las cuales alguien desea hacerlo, al tipo de salud mental, temporal o permanente, bajo el cual la v\u00edctima estaba al momento de realizarlo. Aspectos que escapan al alcance de este recuento.<\/div>\n<div class=\"Prrafo\">En cuanto a la perspectiva hist\u00f3rica, vuelvo a repetir lo que dije alg\u00fan tiempo atr\u00e1s. Hay muy pocos casos de suicidios comprobados en monta\u00f1a. Pero la raz\u00f3n m\u00e1s bien se debe no tanto a la incidencia misma del fen\u00f3meno, sino que a la dificultad, si es que no a la carencia absoluta, de una apropiada posterior investigaci\u00f3n forense.<\/div>\n<div class=\"Seccin\">Varios<\/div>\n<div class=\"Prrafo\">Y luego tenemos la lista de incidentes que no tuvieron resultado fatal y que aqu\u00ed se referencian de una manera muy somera, m\u00e1s que nada para tratar de cuantificar el fen\u00f3meno.<\/div>\n<div class=\"Prrafo\">En Chacabuco hubo una nueva ca\u00edda de puntero que termin\u00f3 en la fractura del pie del involucrado; otro escalador deportivo termin\u00f3 inconsciente por una ca\u00edda de roca que impacto una cabeza que no usaba casco; en septiembre en el volc\u00e1n Antuco un andinista se cay\u00f3 por la pendiente y, sin querer, deriv\u00f3 en que el compa\u00f1ero que iba a ir en su ayuda se fuera para abajo tambi\u00e9n (resultando ambos con m\u00faltiples fracturas); en septiembre en la Quebrada de Macul dos personas de 64 y 65 a\u00f1os ven\u00edan bajando tras hacer cumbre en el cerro Ram\u00f3n y se cayeron en direcci\u00f3n a La Gotera, debiendo pasar la noche a pelo y siendo necesarios rescatarlos en helic\u00f3ptero; en julio un monta\u00f1ista tuvo una seria ca\u00edda, cuando ven\u00eda esquiando el cerro Peine (Altos del Lircay) y tuvo la mala fortuna de encontrar una capa de hielo escondida bajo 5 cent\u00edmetros de nieve fresca; en julio en la precordillera de Santiago un joven de 18 a\u00f1os se cay\u00f3 y qued\u00f3 inconsciente, pasando la noche a la intemperie y al d\u00eda siguiente siendo rescatado por el GOPE; el caso del joven perdido en el Parinacota y que apareci\u00f3 d\u00edas despu\u00e9s vivo; un accidentado en junio en el Manquehue; una ca\u00edda en las Palestras del Manzano por cuerda corta, etc., etc., etc.<\/div>\n<div class=\"Seccin\">Para no olvidar<\/div>\n<div class=\"Prrafo\">A los familiares y amigos de las v\u00edctimas, mis m\u00e1s sinceras condolencias. En serio que s\u00ed. Nada que diga podr\u00e1 llenar los vac\u00edos producidos.<\/div>\n<div class=\"Prrafo\">Excepto recordarles que no est\u00e1n solos. Y eso, a veces, ayuda. Un poquito.<\/div>\n<div class=\"Firma\">El Anticristo<br \/>\n<a href=\"mailto:anticristo@aruficax.cl\">anticristo@aruficax.cl<\/a><\/div>\n<\/div>\n\n<!-- Facebook Like Button v1.9.6 BEGIN [http:\/\/blog.bottomlessinc.com] -->\n<iframe src=\"http:\/\/www.facebook.com\/plugins\/like.php?href=https%3A%2F%2Fwww.escalando.org%2Fanticristo%2Faccidentes-2015-temporada-baja%2F&amp;layout=standard&amp;show_faces=true&amp;width=450&amp;action=like&amp;colorscheme=light\" scrolling=\"no\" frameborder=\"0\" allowTransparency=\"true\" style=\"border:none; overflow:hidden; width:450px; height: 100px; align: left; margin: 20px 0px 2px 0px\"><\/iframe>\n<!-- Facebook Like Button END -->\n","protected":false},"excerpt":{"rendered":"<p>Recuento de los accidentes fatales relacionados con la pr\u00e1ctica del monta\u00f1ismo en Chile que ocurrieron entre abril y septiembre del 2015, inclusive. Hecho con respeto y con la idea de ir construyendo las bases de un debate informado.<\/p>\n","protected":false},"author":2,"featured_media":0,"comment_status":"open","ping_status":"closed","sticky":false,"template":"","format":"standard","meta":{"_et_pb_use_builder":"","_et_pb_old_content":"","_et_gb_content_width":"","_s2mail":"yes","footnotes":""},"categories":[3],"tags":[],"class_list":["post-838","post","type-post","status-publish","format-standard","hentry","category-articulospublicados"],"_links":{"self":[{"href":"https:\/\/www.escalando.org\/anticristo\/wp-json\/wp\/v2\/posts\/838","targetHints":{"allow":["GET"]}}],"collection":[{"href":"https:\/\/www.escalando.org\/anticristo\/wp-json\/wp\/v2\/posts"}],"about":[{"href":"https:\/\/www.escalando.org\/anticristo\/wp-json\/wp\/v2\/types\/post"}],"author":[{"embeddable":true,"href":"https:\/\/www.escalando.org\/anticristo\/wp-json\/wp\/v2\/users\/2"}],"replies":[{"embeddable":true,"href":"https:\/\/www.escalando.org\/anticristo\/wp-json\/wp\/v2\/comments?post=838"}],"version-history":[{"count":5,"href":"https:\/\/www.escalando.org\/anticristo\/wp-json\/wp\/v2\/posts\/838\/revisions"}],"predecessor-version":[{"id":1226,"href":"https:\/\/www.escalando.org\/anticristo\/wp-json\/wp\/v2\/posts\/838\/revisions\/1226"}],"wp:attachment":[{"href":"https:\/\/www.escalando.org\/anticristo\/wp-json\/wp\/v2\/media?parent=838"}],"wp:term":[{"taxonomy":"category","embeddable":true,"href":"https:\/\/www.escalando.org\/anticristo\/wp-json\/wp\/v2\/categories?post=838"},{"taxonomy":"post_tag","embeddable":true,"href":"https:\/\/www.escalando.org\/anticristo\/wp-json\/wp\/v2\/tags?post=838"}],"curies":[{"name":"wp","href":"https:\/\/api.w.org\/{rel}","templated":true}]}}