{"id":826,"date":"2015-11-23T10:47:42","date_gmt":"2015-11-23T14:47:42","guid":{"rendered":"http:\/\/www.escalando.org\/anticristo\/?p=826"},"modified":"2021-10-28T10:13:30","modified_gmt":"2021-10-28T14:13:30","slug":"temporada-alta-2014-2015-agraz","status":"publish","type":"post","link":"https:\/\/www.escalando.org\/anticristo\/temporada-alta-2014-2015-agraz\/","title":{"rendered":"Temporada alta 2014-2015: agraz"},"content":{"rendered":"<div id=\"Contenido\">\n<div id=\"Fecha\">Noviembre 2015<\/div>\n<div class=\"PrrafoPrimero\">A continuaci\u00f3n, el recuento de las tragedias ocurridas en el mundo del monta\u00f1ismo chileno entre octubre del 2014 y marzo del 2015.<\/div>\n<div class=\"Prrafo\">S\u00ed, leyeron bien. Octubre del 2014 y marzo del 2015. Descomunal atraso m\u00edo debido a que he estado bien ocupado en terminar de escribir un libro que puede dejarme sin cabeza. Sin embargo, la incre\u00edble alza en la cantidad de accidentes de monta\u00f1a o escalada que han ocurrido en el \u00faltimo tiempo en nuestro pa\u00eds, me motiv\u00f3 a no demorar m\u00e1s la presente entrega, la cual, a pesar de su atraso, igual contribuye con su grano de arena a promover un debate informado.<\/div>\n<div class=\"Prrafo\">Aprovecho de agradecer a todos quienes me ayudaron a compilar esta informaci\u00f3n. Personas, testigos o protagonistas, que ahora por razones de formato no menciono, pero cuya contribuci\u00f3n no puede ser pasada por alto pues no trepidaron en compartir detalles conmigo a pesar de lo doloroso que a veces fue el proceso de rememorar.<\/div>\n<div class=\"Prrafo\">Con respecto al recuento mismo, este fue construido con las reglas de siempre: la intenci\u00f3n de cubrir en su totalidad todos los accidentes con resultado fatal, en actividades que tienen directa o indirecta relaci\u00f3n con nuestros ambientes de monta\u00f1a, presentados en orden cronol\u00f3gico y cuyo objetivo \u00faltimo es tratar de entregar datos; no buscar ni negligencias, ni culpables.<\/div>\n<div class=\"Prrafo\">Comencemos.<\/div>\n<div class=\"Seccin\">Centro de Esqu\u00ed Puc\u00f3n<\/div>\n<div class=\"Prrafo\">El primer incidente de la temporada aconteci\u00f3 el 12 octubre del 2014, en el sector Juncalillo del centro de esqu\u00ed Puc\u00f3n.<\/div>\n<div class=\"Prrafo\">Aproximadamente a las 4 y media de la tarde, una media hora antes que se diera por terminado el d\u00eda (el que adem\u00e1s era el \u00faltimo de la temporada), el snowboardista de 27 a\u00f1os de edad, Ignacio Figueroa, cay\u00f3 a una zanja cuando se desplazaba por la Pista 7, un poco m\u00e1s abajo de la cafeter\u00eda. Figueroa quedar\u00eda con graves lesiones y, producto de sus heridas, lamentablemente terminar\u00eda por fallecer en el hospital San Francisco de Puc\u00f3n.<\/div>\n<div class=\"Prrafo\">Esta ser\u00eda la \u00fanica v\u00edctima ocurrida en alg\u00fan centro de esqu\u00ed el 2014. Quiz\u00e1s recuerden a los dos extranjeros en el \u00e1rea del San Lorenzo dos semanas antes de este caso, pero ellos efectuaban un descenso extremo en las monta\u00f1as, no en las instalaciones de alguna empresa o concesionario.<\/div>\n<div class=\"Seccin\">Campo de Hielo Norte<\/div>\n<div class=\"Prrafo\">El argentino Juan Basombrio pretend\u00eda cruzar transversalmente en solitario el Campo de Hielo Norte, desde la laguna San Rafael hasta el lago Colonia.<\/div>\n<div class=\"Prrafo\">La actividad la inici\u00f3 el 6 de octubre. Tras realizar algunos porteos, entr\u00f3 al glaciar y, a pesar del habitual mal tiempo, pareci\u00f3 desenvolverse sin problemas. Pero luego, el 19 de octubre, usando el localizador satelital que portaba, y estando a unos 13 o 14 kil\u00f3metros de las instalaciones de CONAF, report\u00f3 que hab\u00eda sido detenido por un mar de grietas. Dos d\u00edas despu\u00e9s notific\u00f3 que el avance se estaba haciendo tan lento por lo complicado del terreno que, y dado que ten\u00eda solo recursos para permanecer aut\u00f3nomo por 3 d\u00edas m\u00e1s, hab\u00eda decidido regresarse.<\/div>\n<div class=\"Prrafo\">El 22 en la ma\u00f1ana avis\u00f3 que todo segu\u00eda OK, 23 y 24 no habr\u00eda m\u00e1s mensajes, pero el 25, d\u00eda en el cual se supon\u00eda su actividad terminaba, no apareci\u00f3. Y tampoco el 26, ni el 27. Cre\u00e1ndose ingente preocupaci\u00f3n a medida que los d\u00edas pasaban y pasaban y no hab\u00eda novedades acerca del paradero de Basombrio. Hasta que fue evidente que algo hab\u00eda acontecido.<\/div>\n<div class=\"Prrafo\">Se desencaden\u00f3 la alarma y el operativo de b\u00fasqueda y rescate, como es lo habitual, fue extendido en el tiempo, involucrando esfuerzos p\u00fablicos y privados y despleg\u00e1ndose a medida que el clima lo permit\u00eda. Hasta que el cuerpo sin vida de Basombrio fue encontrado el 24 de noviembre, en una rimaya terminal, en un punto m\u00e1s al norte de lo que deber\u00eda haber sido su v\u00eda de regreso.<\/div>\n<div class=\"Prrafo\">Si esta desviaci\u00f3n fue hecha a prop\u00f3sito para evitar las grietas, o bien un problema de orientaci\u00f3n suscitado por el mal tiempo, ser\u00e1 algo que nunca se podr\u00e1 saber.<\/div>\n<div class=\"Seccin\">Shawagunks<\/div>\n<div class=\"Prrafo\">Aproximadamente tres semanas despu\u00e9s, el 15 de noviembre, la chilena Heidi Duartes, de 28 a\u00f1os de edad, se encontraba haciendo escalada tradicional en Shawagunks, una popular zona ubicada a unos 150 kil\u00f3metros al norte de la ciudad de Nueva York. Esto es, por supuesto, Estados Unidos.<\/div>\n<div class=\"Prrafo\">Duartes se aboc\u00f3 a intentar la ruta Yellow Wall (5.11c), pero cuando llevaba escalando unos 7 u 8 metros, sin haber todav\u00eda seguros intermedios de protecci\u00f3n, un pie se le resbal\u00f3 y cay\u00f3 directo al suelo, golpe\u00e1ndose en la base de la nuca. S\u00ed, estaba usando casco.<\/div>\n<div class=\"Prrafo\">Duartes recibi\u00f3 inmediata y apropiada asistencia, incluyendo RCP en el sitio y tambi\u00e9n durante su traslado. Pero no recobrar\u00eda conciencia y su muerte debi\u00f3 ocurrir en alguno de esos momentos. Si es que no en el impacto mismo.<\/div>\n<div class=\"Seccin\">Cordillera del Avellano<\/div>\n<div class=\"Prrafo\">Casi en esos mismos instantes se desarrollaba una actividad del Equipo Femenino de Alpinismo de Espa\u00f1a (EFA), que visitaba Sudam\u00e9rica como expedici\u00f3n de fin de curso de la promoci\u00f3n 2012-2014.<\/div>\n<div class=\"Prrafo\">El grupo estaba compuesto por su director, Pere Vilarasau, y los integrantes Inma Garrido y Tamara Romero. En una primera etapa visitaron el Cord\u00f3n Cochrane, junto a otras personas, que fue donde se les sum\u00f3 el argentino Mariano Rueda, de 50 a\u00f1os de edad, con quien estaba contemplado continuar el resto del viaje.<\/div>\n<div class=\"Prrafo\">Despu\u00e9s de escalar en la zona de Chile Chico, los cuatro escaladores se dirigieron a la Cordillera del Avellano. Tras varios d\u00edas de dif\u00edcil aproximaci\u00f3n, instalaron un campamento a mil metros de altitud en el Valle del Ventisquero y examinaron el lugar para decidir qu\u00e9 objetivos iban a intentar.<\/div>\n<div class=\"Prrafo\">El 20 de noviembre amaneci\u00f3 despejado y se separaron en dos cordadas. La primera, constituida por Garrido y Romero, atac\u00f3 una l\u00ednea de unos 600 metros de escalada mixta. La segunda, Vilarasau y Rueda, tom\u00f3 una pendiente de 45 grado de nieve para acceder a una arista que al parecer acced\u00eda a una cumbre sin nombre. Pero alrededor de las 14 horas, una peque\u00f1a pero pesada avalancha de nieve primavera agarr\u00f3 a Rueda y lo arrastr\u00f3, terminando por arrojarlo por sobre un resalte rocoso de unos 100 metros de alto.<\/div>\n<div class=\"Prrafo\">Despu\u00e9s de comprobar el fallecimiento de Rueda, Vilarasau se junt\u00f3 con las otras integrantes y, tras pasar una noche m\u00e1s en el \u00e1rea, juntos salieron del Valle para iniciar el doloroso proceso de comunicar lo ocurrido.<\/div>\n<div class=\"Seccin\">Llaima<\/div>\n<div class=\"Prrafo\">Casi un mes despu\u00e9s, los volcanes australes.<\/div>\n<div class=\"Prrafo\">Los turistas alemanes Roland H\u00fcskes (57) y Dorothee Dorner (41) hab\u00edan llegado a Santiago el 14 de diciembre y se dirigieron al sur de Chile con la idea de iniciar una serie de ascensos y caminatas.<\/div>\n<div class=\"Prrafo\">El 21 de diciembre iniciaron la subida del volc\u00e1n Llaima pero no regresaron a su camioneta, que estaba estacionada en el centro de esqu\u00ed Araucarias. Dos d\u00edas despu\u00e9s se notific\u00f3 a Carabineros de la situaci\u00f3n, d\u00e1ndose inicio a una cadena de desencuentros. Clase de problemas que normalmente yo no describo, pero que ahora es necesario para entender mejor la cronolog\u00eda de lo que sucedi\u00f3.<\/div>\n<div class=\"Prrafo\">Primero, el veh\u00edculo fue inspeccionado el 24 de diciembre por Carabineros; seguido de un sobrevuelo en helic\u00f3ptero al d\u00eda siguiente, que vio una pareja de monta\u00f1istas subiendo el volc\u00e1n y dio con una carpa armada, a la cual adem\u00e1s se le hizo una inspecci\u00f3n f\u00edsica. Con tales antecedentes, Carabineros de Chile asumi\u00f3 que se trataba de los turistas supuestamente perdidos, luego de lo cual se dio por terminada la emergencia.<\/div>\n<div class=\"Prrafo\">El problema fue que esas personas visualizadas correspond\u00edan a otra cordada; un par de chilenos que, a sabiendas que hab\u00eda una pareja alemana perdida, y precisamente para evitar confusiones, se hab\u00edan registrado como tal previamente antes de partir. Hecho que Carabineros al parecer desconoc\u00eda.<\/div>\n<div class=\"Prrafo\">El malentendido hizo perder tiempo y solo se revel\u00f3 como tal d\u00edas despu\u00e9s, nevaz\u00f3n de por medio, cuando se hizo patente que la camioneta segu\u00eda en el lugar. Se inici\u00f3 una tole-tole entre Carabineros, el Centro de Esqu\u00ed, CONAF, ONEMI, Bomberos, el Ministerio P\u00fablico, el Ej\u00e9rcito, grupos de rescate&#8230; Desorden que fue la raz\u00f3n por la cual se demor\u00f3 tanto en encontrar los cuerpos de estos turistas; en rigor, 39 d\u00edas despu\u00e9s de haber ingresado al cerro.<\/div>\n<div class=\"Prrafo\">Con respecto a las causas de sus decesos, usando la evidencia disponible y circunstancial, se indic\u00f3 que lo m\u00e1s probable es que hubieran fallecido debido a que una avalancha\/desprendimiento los habr\u00eda impactado a cota 2.780 (el Llaima tiene 3.125).<\/div>\n<div class=\"Seccin\">Marmolejo<\/div>\n<div class=\"Prrafo\">Y de ah\u00ed a los Andes Centrales.<\/div>\n<div class=\"Prrafo\">En la primera quincena de enero (ya en el 2015), un grupo de 5 personas se dirigi\u00f3 al Marmolejo para intentar su ascenso por la ruta normal. La actividad comenz\u00f3 el d\u00eda 10 y se desarroll\u00f3 sin mayores inconvenientes, llegando ellos seis d\u00edas despu\u00e9s a instalarse a 5.200 metros. Al d\u00eda siguiente, 17, tres de sus integrantes hicieron cumbre mientras dos se quedaban en el campamento esper\u00e1ndolos, siendo uno de ellos Soraya Gonz\u00e1lez, la \u00fanica dama.<\/div>\n<div class=\"Prrafo\">Tras pasar una noche m\u00e1s a tal altitud, el 18 comenzar\u00edan el descenso. Sin embargo, a poco andar, y sin delatar s\u00edntomas especiales que advirtieran de un alg\u00fan problema serio, salvo los cl\u00e1sicos que la altitud provoca, Gonz\u00e1lez se desvanecer\u00eda y terminar\u00eda por fallecer a pesar de los esfuerzos por reanimarla.<\/div>\n<div class=\"Prrafo\">Su cuerpo ser\u00eda evacuado de la monta\u00f1a algunos d\u00edas m\u00e1s tarde, el 22, cuando sus restos fueron movilizados terrestremente a una menor altitud y de ah\u00ed recogidos por un helic\u00f3ptero.<\/div>\n<div class=\"Seccin\">Incidentes indirectos<\/div>\n<div class=\"Prrafo\">Hasta aqu\u00ed lo que m\u00e1s o menos tiene relaci\u00f3n directa con nuestra comunidad.<\/div>\n<div class=\"Prrafo\">Pero hubo otros episodios cuya inclusi\u00f3n en este reporte podr\u00eda ser pertinente, o no, dependiendo de las definiciones que se utilicen. Por ejemplo accidentes cuyas v\u00edctimas son turistas, no deportistas; o aquellos acaecidos en monta\u00f1as lim\u00edtrofes cuyo desarrollo principal no transcurre por Chile. Juzguen ustedes.<\/div>\n<div class=\"Prrafo\">El primero de estos casos, que podr\u00edamos llamar indirectos, aconteci\u00f3 el 26 de octubre, con la ca\u00edda de un menor de edad de 14 a\u00f1os que andaba tomando fotos en el sector de La Colorada, camino al Lago Castor, alrededores de Coyhaique. Por razones no del todo comprendidas, el muchacho, que era parte de un paseo familiar, se precipit\u00f3 por sobre uno de los enormes barrancos que existen en la zona, experimentado una ca\u00edda de por lo menos 100 metros de alto que le ocasionar\u00eda su muerte.<\/div>\n<div class=\"Prrafo\">Despu\u00e9s se tiene el misterio del Ingeniero agr\u00f3nomo Wilbert Retamal, quien el 8 de noviembre viajaba como pasajero junto a N\u00e9stor Fuenzalida en un helic\u00f3ptero piloteado por Luis Momberg. Viniendo desde el norte, el destino final del vuelo era Osorno, pero decidieron hacer un alto en el camino y aterrizaron para almorzar en una de las termas del volc\u00e1n Puyehue. Sin embargo, al terminar y tratar de elevarse para continuar viaje, las alarmas del helic\u00f3ptero se activaron, delatando una aparente incapacidad del aparato para volar, en las condiciones atmosf\u00e9ricas que se estaban presentando, con las tres personas al mismo tiempo. Por ello Momberg decidi\u00f3 hacer una posta de varios viajes hasta dar con una atm\u00f3sfera m\u00e1s densa. Primero transport\u00f3 a Retamal y lo dej\u00f3 en una loma al sureste de la cumbre, muy cerca de la boca del cr\u00e1ter; a continuaci\u00f3n regres\u00f3 por Fuenzalida y, al pasar a buscar de nuevo a Retamal donde lo hab\u00edan dejado&#8230; no lo encontr\u00f3. Lo buscaron por varias horas, hasta que lleg\u00f3 la noche y, sin m\u00e1s opciones, tuvieron que bajar a avisar de lo ocurrido. Y ni les cuento la que se arm\u00f3&#8230;<\/div>\n<div class=\"Prrafo\">Un mes y medio despu\u00e9s, ser\u00eda el turno del Ojos del Salado, pero por la vertiente argentina. Un integrante de una cordada de monta\u00f1istas vascos, Fernando Ossa, se sinti\u00f3 mal cuando estaba a 6.350 metros, quedando inhabilitado de poder desplazarse por sus propios medios. Mientras uno de sus compa\u00f1eros bajaba para avisar de la emergencia, otro se qued\u00f3 con \u00e9l dentro de una carpa. Luego de lo cual se desencadenar\u00edan idas y venidas, siendo varios los esfuerzos binacionales a\u00e9reos y terrestres para ir en su ayuda. Pero, al final, nada de eso servir\u00eda y Ossa fallecer\u00eda en la noche del mi\u00e9rcoles 31 de diciembre.<\/div>\n<div class=\"Prrafo\">El \u00faltimo caso ser\u00eda uno muy parecido al anterior, pero en el Tres Cruces, a fines del verano. Se trataba del monta\u00f1ista indio Malli Mastan Babu, quien se hab\u00eda hecho mundialmente conocido en el 2006 por haber terminado el desaf\u00edo de las 7 Cimas en&#8230; \u00a1172 d\u00edas! (una cumbre por mes, cada una de ellas en diferentes d\u00edas de la semana).<\/div>\n<div class=\"Prrafo\">Babu, acostumbrado a ascensos r\u00e1pidos, pretend\u00eda aplicar lo mismo en el Tres Cruces, que fue la raz\u00f3n por la cual no m\u00e1s entrar al cerro, el 22 de marzo, le tom\u00f3 solo un d\u00eda m\u00e1s hacer cumbre. El problema ser\u00eda que en el descenso fue sorprendido por el inusual frente de mal tiempo que asol\u00f3 el norte de Chile y Argentina por aquellos d\u00edas. Despu\u00e9s de lo cual, de Babu nada m\u00e1s se sabr\u00eda.<\/div>\n<div class=\"Prrafo\">Hasta que el experimentado monta\u00f1ista argentino Mariano Galv\u00e1n, inserto dentro de uno de los varios operativos de b\u00fasqueda que se efectuaron, dar\u00eda con su cuerpo sin vida a 5.950 metros. Tambi\u00e9n se recuperar\u00eda su c\u00e1mara fotogr\u00e1fica, donde se encontr\u00f3 una foto de Babu en la cumbre tomada a las 10 de la ma\u00f1ana de aquel 23 de marzo. Lo que demostr\u00f3 que efectivamente la tragedia habr\u00eda ocurrido en el descenso.<\/div>\n<div class=\"Seccin\">Para no olvidar<\/div>\n<div class=\"Prrafo\">Esta ser\u00eda la lista de casos mortales. Una que podr\u00eda parecer abultada para el per\u00edodo, pero esperen a ver cu\u00e1ntos hubo de aquellos que no tuvieron desenlace fatal.<\/div>\n<div class=\"Prrafo\">Entendiendo claramente que los aqu\u00ed indicados no son todos los que ocurrieron, una primera aproximaci\u00f3n deber\u00eda incluir el caso del chileno atrapado en una avalancha en Kanakaskis (Canad\u00e1), la de la chica que cay\u00f3 diez metros al acab\u00e1rsele la cuerda mientras rapeleaba en Cocham\u00f3, una grav\u00edsima fractura de pie en la palestra de Chacabuco, en el volc\u00e1n San Jos\u00e9 una chica que report\u00f3 problemas y fue evacuada en helic\u00f3ptero, una fea ca\u00edda de 10 metros en el volc\u00e1n Osorno en octubre debido a la salida de una estaca de nieve, una persona deshidratada en el volc\u00e1n Antuco en marzo, al menos tres edemas pulmonares (Alto San Juan, Llullaillaco, volc\u00e1n San Jos\u00e9), los ya ahora t\u00edpicos dedos congelados de los escaladores del sur de Chile que est\u00e1n actuando en Patagonia, muchas ca\u00eddas de rocas, y decenas, decenas y decenas de casos de perdidos, atrasados, esguinces y fracturas varias.<\/div>\n<div class=\"Prrafo\">Eso ser\u00eda todo.<\/div>\n<div class=\"Prrafo\">En la pr\u00f3xima entrega veremos aquellos ocurridos en los siguientes seis meses, esto es abril a octubre del 2015, per\u00edodo en el cual, lamentablemente, se confirma la tendencia al alza en el n\u00famero de incidentes.<\/div>\n<div class=\"Prrafo\">Por mientras, y a la espera de tal informe, quisiera compartir con ustedes un pensamiento.<\/div>\n<div class=\"Prrafo\">Recordarles que, cuando se est\u00e1 hablando de accidentes, es buena idea siempre hacerlo con humildad y no d\u00e1rselas de sabiondo invencible. La vida da muchas vueltas y no vaya a ser que el escalador a quien se ha criticado tan severamente por haber sufrido un percance, incluso tild\u00e1ndolo de tonto, sea precisamente quien vaya en tu ayuda cuando seas t\u00fa el accidentado.<\/div>\n<div class=\"Prrafo\">Nos vemos.<\/div>\n<div class=\"Firma\">El Anticristo<br \/>\n<a href=\"mailto:anticristo@aruficax.cl\">anticristo@aruficax.cl<\/a><\/div>\n<\/div>\n\n<!-- Facebook Like Button v1.9.6 BEGIN [http:\/\/blog.bottomlessinc.com] -->\n<iframe src=\"http:\/\/www.facebook.com\/plugins\/like.php?href=https%3A%2F%2Fwww.escalando.org%2Fanticristo%2Ftemporada-alta-2014-2015-agraz%2F&amp;layout=standard&amp;show_faces=true&amp;width=450&amp;action=like&amp;colorscheme=light\" scrolling=\"no\" frameborder=\"0\" allowTransparency=\"true\" style=\"border:none; overflow:hidden; width:450px; height: 100px; align: left; margin: 20px 0px 2px 0px\"><\/iframe>\n<!-- Facebook Like Button END -->\n","protected":false},"excerpt":{"rendered":"<p>Recuento de los accidentes del monta\u00f1ismo nacional, entre octubre 2014 y marzo 2015. Para contribuir humilde y honestamente a un debate informado.<\/p>\n","protected":false},"author":2,"featured_media":0,"comment_status":"open","ping_status":"closed","sticky":false,"template":"","format":"standard","meta":{"_et_pb_use_builder":"","_et_pb_old_content":"","_et_gb_content_width":"","_s2mail":"yes","footnotes":""},"categories":[3],"tags":[],"class_list":["post-826","post","type-post","status-publish","format-standard","hentry","category-articulospublicados"],"_links":{"self":[{"href":"https:\/\/www.escalando.org\/anticristo\/wp-json\/wp\/v2\/posts\/826","targetHints":{"allow":["GET"]}}],"collection":[{"href":"https:\/\/www.escalando.org\/anticristo\/wp-json\/wp\/v2\/posts"}],"about":[{"href":"https:\/\/www.escalando.org\/anticristo\/wp-json\/wp\/v2\/types\/post"}],"author":[{"embeddable":true,"href":"https:\/\/www.escalando.org\/anticristo\/wp-json\/wp\/v2\/users\/2"}],"replies":[{"embeddable":true,"href":"https:\/\/www.escalando.org\/anticristo\/wp-json\/wp\/v2\/comments?post=826"}],"version-history":[{"count":7,"href":"https:\/\/www.escalando.org\/anticristo\/wp-json\/wp\/v2\/posts\/826\/revisions"}],"predecessor-version":[{"id":1227,"href":"https:\/\/www.escalando.org\/anticristo\/wp-json\/wp\/v2\/posts\/826\/revisions\/1227"}],"wp:attachment":[{"href":"https:\/\/www.escalando.org\/anticristo\/wp-json\/wp\/v2\/media?parent=826"}],"wp:term":[{"taxonomy":"category","embeddable":true,"href":"https:\/\/www.escalando.org\/anticristo\/wp-json\/wp\/v2\/categories?post=826"},{"taxonomy":"post_tag","embeddable":true,"href":"https:\/\/www.escalando.org\/anticristo\/wp-json\/wp\/v2\/tags?post=826"}],"curies":[{"name":"wp","href":"https:\/\/api.w.org\/{rel}","templated":true}]}}