{"id":818,"date":"2015-06-10T09:54:44","date_gmt":"2015-06-10T13:54:44","guid":{"rendered":"http:\/\/www.escalando.org\/anticristo\/?p=818"},"modified":"2021-10-28T10:14:46","modified_gmt":"2021-10-28T14:14:46","slug":"temporada-alta-2014-2015-dulce","status":"publish","type":"post","link":"https:\/\/www.escalando.org\/anticristo\/temporada-alta-2014-2015-dulce\/","title":{"rendered":"Temporada alta 2014-2015: dulce"},"content":{"rendered":"<div id=\"Contenido\">\n<div id=\"Fecha\">Junio 2015<\/div>\n<div class=\"PrrafoPrimero\">Una aerol\u00ednea meti\u00f3 la pata y me abandon\u00f3 sin equipaje en uno de los pa\u00edses m\u00e1s ricos del mundo. Me dejaron en un hotel de 5 estrellas, donde, aburrido, me fui al gimnasio. Al elongar raj\u00e9 el pantal\u00f3n por atr\u00e1s. Me sub\u00ed a la trotadora con camisa blanca y jeans. Despu\u00e9s me tir\u00e9 a la piscina con la ropa puesta para que se lavara. Al salir, me desvest\u00ed y la dej\u00e9 secando en el pasto mientras volv\u00eda a la pieza a pata pelada&#8230; Y despu\u00e9s preguntan porque a los chilenos los encuentran ordinarios.<\/div>\n<div class=\"Prrafo\">\u00bfY qu\u00e9 tiene que ver eso con el recuento?<\/div>\n<div class=\"Prrafo\">Nada.<\/div>\n<div class=\"Prrafo\">Comencemos. A continuaci\u00f3n lo ocurrido en la comunidad nacional de monta\u00f1istas, escaladores, exploradores y cualquier cosa heroica (o sea boulder no), acontecidas entre octubre del 2014 y marzo del 2015. Per\u00edodo que, al abarcar la primavera y el verano austral, ve la mayor actividad.<\/div>\n<div class=\"Prrafo\">Compilaci\u00f3n que pudo ser armada gracias a la ayuda de Francisco Rojas, Carlos V\u00e1squez, Le\u00f3n D\u00e9lano, Diego Collao, Daniel Alfaro, Pedro Binfa, Sebasti\u00e1n Godoy, Vasco Garc\u00eda, Natalia Seguel, Rodolfo Torrens, Juan Ruiz, Luis Concha, Nicol\u00e1s Guti\u00e9rrez, In\u00e9s Dussaillant, Diego Se\u00f1oret, Abraham Navia, David Erices, Alexis Rojas, Elvis Acevedo, Crist\u00f3bal Se\u00f1oret, Marco Poblete, Jimmy Mora, Erick Vigouroux, Pablo Miranda, Ivonne Quiroga y Cipriaco John Coleman Boil.<\/div>\n<div class=\"Prrafo\">En esta oportunidad, y a diferencia de lo que es la tradici\u00f3n, el recuento comenzar\u00e1 primero con los ascensos e intentos meritorios, ordenados territorialmente de sur a norte, dejando para la siguiente columna el compendio que trata de los accidentes.<\/div>\n<div class=\"Prrafo\">Ojo, que es harto.<\/div>\n<div class=\"Seccin\">Subo, bajo, subo, bajo, subo, bajo&#8230;<\/div>\n<div class=\"Prrafo\">Primero los hechos.<\/div>\n<div class=\"Prrafo\">Los chilenos Juan y Crist\u00f3bal Se\u00f1oret se unieron al argentino I\u00f1aki Coussirat para abocarse a una idea que les rondaba desde hac\u00eda tiempo: realizar la traves\u00eda de las Tres Torres del Paine.<\/div>\n<div class=\"Prrafo\">Para ello, y sin mediar dep\u00f3sitos o ayudas, partieron de la Hoster\u00eda las Torres un poco despu\u00e9s del mediod\u00eda del 31 de diciembre, escalando primero la Cumbre Norte de la Torre Norte por &#8220;Esp\u00edritu libre&#8221; (5.11\/A1, 500 m) y despu\u00e9s la Cumbre Principal por &#8220;Cuenca \u00fanica&#8221; (5.11\/A1, 300 m). De ah\u00ed bajaron por la Monzino, tocaron el Col Bich y conectaron de una la Bonington-Whillans (5.11\/A1+, 800 m). Descendieron al otro lado por la Kearney-Knight hasta arribar al \u00faltimo collado, el que separa la Central de la Sur. De aqu\u00ed salieron disparados hacia arriba, se despacharon la respectiva Torre por la v\u00eda Aste (ED, 6c, 900 m) y bajaron por la misma ruta al valle. \u00bfRecorrido total? 2.500 metros. Realizado en 3 d\u00edas y 2 noches, al cual denominaron \u201cEstilo Andino Travers\u201d.<\/div>\n<div class=\"Prrafo\">Fant\u00e1stico. Lo mejor jam\u00e1s hecho en las Torres con la participaci\u00f3n de alg\u00fan chileno. Impecable, fulminante y que deja a todo el resto de los mortales en categor\u00eda penca boulder, lo peor. Eso al menos en t\u00e9rminos de encadenamientos, velocidad y estilo.<\/div>\n<div class=\"Prrafo\">Pero, en t\u00e9rminos mundiales, \u00bfcu\u00e1l es el preciso significado de esta actividad?<\/div>\n<div class=\"Prrafo\">Bueno, para responder tal pertinente pregunta, primero hay que retrotraerse en el tiempo y contar una historia que comenz\u00f3 13 a\u00f1os atr\u00e1s con Steve Schneider&#8230;<\/div>\n<div class=\"Seccin\">La est\u00e9tica importa<\/div>\n<div class=\"Prrafo\">Este extraordinario y famoso escalador estadounidense de larga melena rubia, una que los pelaos envidian, tambi\u00e9n se ten\u00eda entre rulo y rulo hacer la referida traves\u00eda. Tras a\u00f1os de preparaci\u00f3n, que le significaron subir previamente 4 veces la Torre Norte, 2 la Central y 1 la Torre Sur, tendr\u00eda su oportunidad en el 2002.<\/div>\n<div class=\"Prrafo\">\u00bfListo los cron\u00f3metros? Partieron. Schneider sali\u00f3 a las 02:00 AM del Campo Japon\u00e9s, degluti\u00f3 la Monzino en 45 minutos, hizo la Bonington-Whillans en 7 horas y media, rapele\u00f3 por ah\u00ed, pas\u00f3 la noche, m\u00e1s bajadas y escal\u00f3 la Torre Sur por la normal en 9,5 horas m\u00e1s. Descendi\u00f3 por donde mismo y lleg\u00f3 al Japon\u00e9s de regreso para hacer un tiempo total de 51 horas.<\/div>\n<div class=\"Prrafo\">Saltar\u00e1 a la vista que lo de Schneider es diferente a lo de SSC (Se\u00f1oret, Se\u00f1oret, Coussirat). No solo partieron de lugares distintos, sino que adem\u00e1s lo de Schneider m\u00e1s parec\u00eda un encadenamiento, no una &#8220;traves\u00eda&#8221;, al no haber seguido una l\u00ednea continua est\u00e9tica como podr\u00eda ser la de seguir el filo de todas las cumbres involucradas que se recorta contra el cielo (respire hombre, respire). Pero bueno ya, la comunidad o los medios (no yo) le dio el r\u00f3tulo respectivo (&#8220;traves\u00eda&#8221;) porque est\u00e1n comprados, no son muy inteligentes o porque igual lo de Schneider era meritorio. Mal que mal, lo hab\u00eda hecho en solitario en un tiempo c\u00f3smico (esssa onda).<\/div>\n<div class=\"Prrafo\">\u00bfTamos listo? No. Falta, porque para hacer m\u00e1s sabroso el ave palta, un poco m\u00e1s de una d\u00e9cada despu\u00e9s lleg\u00f3 el espa\u00f1ol Pedro Cifuentes con una traves\u00eda que puso el microondas a todo chancho.<\/div>\n<div class=\"Seccin\">Aferrao al collao<\/div>\n<div class=\"Prrafo\">Al igual que Schneider, Cifuentes tambi\u00e9n hab\u00eda invertido una cuantiosa cantidad de tiempo, medido en a\u00f1os, para estar preparado para su intento.<\/div>\n<div class=\"Prrafo\">\u00c9l comenzar\u00eda el 14 de enero del 2013. Subi\u00f3 por &#8220;Esp\u00edritu libre&#8221;, tom\u00f3 &#8220;Cuenca es \u00fanica&#8221;, baj\u00f3 por la Monzino, escal\u00f3 la Bonington Williams, descendi\u00f3 por la Kearney-Knight y&#8230; bum, tomb, cuack&#8230; \u00a1Mal tiempo! Que lo dejaron d\u00edas y d\u00edas esperando por ah\u00ed, hasta que, alejadas las tormentas, subi\u00f3 la Torre Sur por la Aste y, atenci\u00f3n, peligro de gol, \u00a1BAJ\u00d3 POR HOTH! (5.10+, A4 WI2\/3, 1.100 m). Santa cachucha Barman.<\/div>\n<div class=\"Prrafo\">Cifuentes terminar\u00eda su traves\u00eda no s\u00e9 d\u00f3nde el 11 de febrero, o sea&#8230; \u00a129 d\u00edas despu\u00e9s de haber partido! Y en condiciones igualitas a las de como ir a un encuentro de escaladores sin tanque de ox\u00edgeno.<\/div>\n<div class=\"Prrafo\">OK. Lo hecho por Cifuentes no pertenece a este planeta y, al bajar por Hoth, plante\u00f3 una l\u00ednea est\u00e9ticamente perfecta, al no descender nunca por una l\u00ednea previamente escalada. Peeeeero&#8230;<\/div>\n<div class=\"Prrafo\">Hubo objeciones al supuesto logro tal y como fue publicitado (primera traves\u00eda mundial de las Torres), porque, por ejemplo, era dif\u00edcil obviar el extensivo per\u00edodo de tiempo que permaneci\u00f3 en el collado Torre Central-Torre Sur. Quit\u00e1ndole a su esfuerzo la caracter\u00edstica de one-push que uno esperar\u00eda de una traves\u00eda as\u00ed en las Torres del Paine. Lo que estoy tratando de explicar es que si a Cifuentes lo pill\u00f3 el mal tiempo en un lugar que se accede a pie desde el valle, como que el sentido com\u00fan te dice &#8220;baja y parte de nuevo, porque este intent\u00f3 ya se fun\u00f3&#8221;. Concepto que tambi\u00e9n lo puedo decir en ruso: funova.<\/div>\n<div class=\"Prrafo\">Adem\u00e1s que, seg\u00fan le\u00ed, Cifuentes recibi\u00f3 asistencia para capear la espera, lo cual, para los puristas que exigen que la traves\u00eda sea hecha como l\u00ednea continua y sin soporte externo, invalida el logro. O sea, la ayuda que recibi\u00f3 Cifuentes fue como que le entregaran comida en un torpedo. Esa talla hay que entenderla.<\/div>\n<div class=\"Prrafo\">A\u00fan as\u00ed, de nuevo, la comunidad y los medios (no yo), le entreg\u00f3 m\u00e9ritos y r\u00f3tulos a Cifuentes, con palabras que siguen dando vuelta en el mundo digital.<\/div>\n<div class=\"Prrafo\">\u00bfY eso ser\u00eda todo? No, esperen, paciencia, no abran el horno antes de sentir el olor a quemado. Hay otro grupo m\u00e1s involucrado.<\/div>\n<div class=\"Seccin\">Acr\u00f3nimos para comer<\/div>\n<div class=\"Prrafo\">Coincidente con el esfuerzo de los Se\u00f1oret, hab\u00eda otra cordada que tambi\u00e9n quer\u00eda hacer la &#8220;traves\u00eda&#8221;. Eran el espa\u00f1ol Oriol Bar\u00f3 y los argentinos Esteban Degregori y Paula Alegre, quien, por si no saben leer, es una dama. De hecho, la primera involucrada en esta historia.<\/div>\n<div class=\"Prrafo\">Para no estirarme m\u00e1s de lo que ya me he alargado, ellos repitieron exactamente la l\u00ednea Schneider: Monzino, Bonington-Whillans, Aste para arriba, Aste para abajo y chao. Ellos terminando antes que los SSC.<\/div>\n<div class=\"Prrafo\">Y ahora s\u00ed que la historia termina.<\/div>\n<div class=\"Prrafo\">Antes de dar mi opini\u00f3n, debe quedar claro que hasta aqu\u00ed soy inocente; solo estoy recontando los hechos tal y como han ocurrido en los \u00faltimos 15 a\u00f1os. Que era necesario para responder lo que todos quieren saber: \u00bfqui\u00e9n hizo la primera traves\u00eda de las Torres del Paine?<\/div>\n<div class=\"Prrafo\">Pues para m\u00ed la respuesta es&#8230; depende.<\/div>\n<div class=\"Prrafo\">Porque al final es un problema de definici\u00f3n: qu\u00e9 es lo que entiende qui\u00e9n por una traves\u00eda. Algunos consideran que lo de Schneider y lo de Oriol et alii (ch\u00fapense esa) es m\u00e1s bien una W, en cuyo caso Cifuentes hizo una AAAA y los SSC una NW, lo cual hace de este embrollo una total PLW.<\/div>\n<div class=\"Prrafo\">Por lo tanto aqu\u00ed habr\u00e1 opiniones para todos los gustos dependiendo de qu\u00e9 considere uno, o no, como el recorrido utilizado. En ese sentido, efectivamente SSC hicieron la primera traves\u00eda mundial tipo NW. Y s\u00ed, tambi\u00e9n creo yo que la AAAA de Cifuentes no cuenta.<\/div>\n<div class=\"Prrafo\">Lo que no quita que yo siga y siga insistiendo que falta el Peineta. Que es la cuarta Torre del Paine, que nadie pesca porque tiene una negra joroba fea que no la hace esbelta desde el Valle de las Torres (aunque s\u00ed lo es desde el Valle del Silencio).<\/div>\n<div class=\"Seccin\">Naviando<\/div>\n<div class=\"Prrafo\">De aqu\u00ed pasamos a Abraham Navia, el energ\u00e9tico gestor del grupo Newen, que si se queda un mes m\u00e1s en Torres del Paine las termina por desgastar.<\/div>\n<div class=\"Prrafo\">Primero con Pablo Ormaz\u00e1bal, cuando hicieron un primer y re sufrido esfuerzo en que casi llegaron a la cumbre de la Torre Norte por la ruta Taller del Sol. Despu\u00e9s escalaron 3 largos de un sistema de diedros y fisuras que termin\u00f3 en la ruta Monzino y que podr\u00eda, o no, ser una entrada nueva (quiz\u00e1s era la Cornwell; que no es la Schiffer ni tampoco la Johansson). D\u00edas m\u00e1s tarde la tercera es la vencida y llegaron a la cumbre cumbre de la Torre Norte por la Monzino. Despu\u00e9s Navia, con Gabriel Mancilla, har\u00eda el Peineta por &#8220;Duraznos para Don Quijote&#8221; (5.10+\/C1, 10 largos), repetir\u00eda la Monzino con Ivonne Donoso y, ab\u00farrete, terminar\u00eda abriendo, en el sector &#8220;Mand\u00edbulas de Rambo&#8221; con la misma Donoso y V\u00edctor Fern\u00e1ndez, &#8220;Chi dormi no escali&#8221; (6b+, 3 largos, 100 metros). Despu\u00e9s de eso Navia se ir\u00eda a Natales para darle cuatro manos de pintura a la Municipalidad.<\/div>\n<div class=\"Prrafo\">Hubo otro esfuerzo que involucr\u00f3 a chilenos en la traves\u00eda de las Torres. Me refiero a Sebasti\u00e1n Rojas, Diego Se\u00f1oret y Mart\u00edn Aldunate, que se propusieron realizarlo en modalidad NIC (ni idea cual). Ellos partieron el 16 de enero, pero cuando estaban en la primera pata, en la mencionada &#8220;Esp\u00edritu Libre&#8221;, se les cort\u00f3 una cuerda y con eso ser\u00eda todo. Para desquitarse, de puro picados, dos d\u00edas despu\u00e9s escalaron la Torre Sur.<\/div>\n<div class=\"Prrafo\">Habr\u00eda otras actividades m\u00e1s en el \u00e1rea. Daniel Darrigrandi, Polo \u00c1ngel y Fernando Viveros entre el 1 y 4 de enero abrieron una nueva v\u00eda a la Cara Este del Almirante Nieto, a la cual llamaron G\u00e9nesis (PD, VI, 70\u00ba, 1.300 metros).<\/div>\n<div class=\"Prrafo\">Y, entendiendo que hubo varias escaladas m\u00e1s que, de puro agotado que estoy no voy a mencionar, pasemos ahora al otro lado de la frontera, un poco m\u00e1s al norte.<\/div>\n<div class=\"Seccin\">Ferrari brm, brm<\/div>\n<div class=\"Prrafo\">M\u00faltiples fueron las actividades en el Cord\u00f3n del Torre, pero sin lugar a dudas lo m\u00e1s relevante ocurri\u00f3 en el Cerro Torre mismo.<\/div>\n<div class=\"Prrafo\">Hac\u00eda ya tiempo que se le ven\u00eda hincando el diente a lograr el primer ascenso nacional a esta monta\u00f1a por la v\u00eda Ferrari (las anteriores hab\u00edan sido por la ahora extinta Maestri). Perd\u00ed la cuenta de exactamente cu\u00e1ntos esfuerzos hubo, pero en varios de ellos aparec\u00eda el nombre de Crist\u00f3bal Se\u00f1oret. Quien regresar\u00eda de nuevo, esta vez en diciembre, ahora junto a Juan Se\u00f1oret e I\u00f1aki Coussirat. O sea, SSC unidos, jam\u00e1s ser\u00e1n vencidos.<\/div>\n<div class=\"Prrafo\">El intento se llevar\u00eda a cabo a partir del 12 de diciembre, por 5 d\u00edas. Niponino, paso Standhard, Filo Rozo y, cuando justo los eventos jugaban en contra (una avalancha les da\u00f1\u00f3 la log\u00edstica), el buen tiempo mejor\u00f3. No los voy a aburrir esta vez con los detalles y solo dir\u00e9 que hicieron cumbre. Bravo, bravo, bravo. Primer ascenso de chilenos al Cerro Torre por la Ferrari.<\/div>\n<div class=\"Prrafo\">Adicionalmente Crist\u00f3bal Se\u00f1oret har\u00eda en diciembre la aguja Guilloumet por la Amy, un intento por la Potter Davis a la Poincenot, la Saint Exupery por la Kearny Harrington, un intento al Fitz Roy por la Royal Flush, la Guilloumet por la Brenner, la ruta Argentina a la Mermoz, y, claro, cierto, se me olvidaba, el 25 y 26 de febrero por la Franco Argentina al Fitz Roy, con el mismo Coussirat m\u00e1s el argentino Ignacio Molinelli. Aventuras que cronol\u00f3gicamente hablando se mezclan con la referida traves\u00eda a la Torres del Paine.<\/div>\n<div class=\"Prrafo\">\u00bfConclusi\u00f3n? Malito para escalar el Se\u00f1oret.<\/div>\n<div class=\"Seccin\">De pilares y picos<\/div>\n<div class=\"Prrafo\">El Fitz Roy por su lado norte baja con estribaciones que crean un caracter\u00edstico pilar, el cual fue escalado por primera vez en 1979 por Renato Casarotto, quien lo bautiz\u00f3 con el nombre de su se\u00f1ora, Goretta Traverso.<\/div>\n<div class=\"Prrafo\">Originalmente, el entonces as\u00ed conocido Pilar Goretta, era solo un punto intermedio en direcci\u00f3n a la cumbre del Fitz Roy, tal y como el mismo Casarotto hizo. Pero que con los a\u00f1os se ha convertido en un objetivo en s\u00ed, al cual los chilenos no se han restado&#8230;<\/div>\n<div class=\"Prrafo\">El primer intento que tengo registrado (no ser\u00eda raro que hubiera otros) cuentan de un esfuerzo en noviembre del 2005 por Andr\u00e9s Zegers y Carlos Pinto (QEPD) por la variante &#8220;Kearny-Knight&#8221; (ED, 6c\/6b, A1, 1.200 m,). Pero ser\u00edan 6 a\u00f1os despu\u00e9s, en febrero del 2011, que Jos\u00e9 Edwards y el franc\u00e9s Greg Laberti llegar\u00edan a su pin\u00e1culo, por &#8220;Mate y Porro&#8221; (ED, 6b, A2, 1.200 m). Tengo entendido, puedo estar equivocado, que Edwards y Laberti pretend\u00edan continuar hacia la cumbre del Fizzz, pero encontraron los sistemas de fizzzuras copados con cazzzcadas de agua y se que regrezzzar.<\/div>\n<div class=\"Prrafo\">Entonces con solo un ascenso nacional, llegaron Rodolfo Torrens e Ignacio Vergara a esta historia. Tras salir de Coyhaique el 12 de enero, el 17 y 18 aproximaron. El 19 escalaron 12 largos por &#8220;Mate y Porro&#8221;, hasta la gran terraza, y el 20 hicieron cumbre. Un ascenso limpio, preciso, hecho en 5 d\u00edas Chalt\u00e9n-Chalt\u00e9n. Felicitaciones. Segundo ascenso nacional y primero de una cordada todo-chilena (All Chilean FIFA around the world).<\/div>\n<div class=\"Prrafo\">Eso no ser\u00eda todo. Desconociendo lo de Torrens y Vergara, Ignacio Morales, Francisco Rojas y Jimmy Mora har\u00edan un intento al Pilar, uno que fue frustrado por mal tiempo. Despu\u00e9s Rojas se retirar\u00eda por no disponer de m\u00e1s d\u00edas libres, dejando a la cordada con nombre de pel\u00edcula: &#8220;Mora y Morales; cargados m\u00e1s que nunca&#8221;. Quienes finalmente a las 11 PM del 26 de febrero alcanzar\u00edan la cumbre del Pilar Goretta por la ruta &#8220;Mate y Porro&#8221;. Tercer ascenso nacional.<\/div>\n<div class=\"Prrafo\">Para concluir me gustar\u00eda comentar que, dado el nivel que se est\u00e1 viendo, es cosa de tiempo no m\u00e1s que llegue un flaco que realice la primera ascensi\u00f3n chilena a la ruta Casarotto completa. Esto es el Pilar Goretta m\u00e1s los 350 y pico de metros que los separan de la cumbre del Fitz Roy.<\/div>\n<div class=\"Seccin\">Molido Fitz+Torre<\/div>\n<div class=\"Prrafo\">El resto fue nutrido e imposible de abarcar.<\/div>\n<div class=\"Prrafo\">Previo a sus esfuerzos en el Pilar Goretta, Francisco Rojas y Jimmy Mora estaban seriamente intentando la Egger, la \u00fanica aguja principal que va quedando sin ascenso nacional en el cord\u00f3n del Torre. Para ello le hicieron una aproximaci\u00f3n desde las rampas de la Standhardt a la Punta Herron, pero el glaciar estaba horriblemente agrietado, con peligro de avalanchas, as\u00ed es que para abajo. Despu\u00e9s har\u00edan un segundo esfuerzo por Titanic (6a, A2, 90\u02da, 950 m) ruta que, como en su partida ya no existe porque se hundi\u00f3 con el barco, los oblig\u00f3 subir bien pegados a la derecha. Tras 7 largos se toparon con un sector de roca que estaba en huelga; vivaquearon y chao de nuevo. Como desquite, despu\u00e9s escalar\u00edan la Saint Exupery por la ruta Kearney-Harrington (6a, 30\u02da, 400 m).<\/div>\n<div class=\"Prrafo\">Otra cosa interesante. A fines de enero Sebasti\u00e1n Godoy escal\u00f3 con el alem\u00e1n Tob\u00edas Wolf en 8 horas el Pilar Rojo de la Mermoz, la controvertida y en mi opini\u00f3n retr\u00f3grada l\u00ednea abierta por Kurt Albert y Bern Arnold en 1999 (7a+, 15 largos, 400 m). Yo viejo ma\u00f1oso alego, pero Godoy no tiene la culpa de nada y ser\u00eda el primer chileno en hacer la ruta misma (no fueron a la cumbre).<\/div>\n<div class=\"Prrafo\">Y despu\u00e9s, varios ascensos varios y numerosas escaladas numerosas. Alexis Rojas y Rub\u00e9n Rojas hicieron 2 veces la Guilloumet (Fonrouge, Amy), el Mocho ser\u00eda escalado por Mar\u00eda Ibarra y Lina Torres, tambi\u00e9n por David Erices (junto al argentino Joaqu\u00edn Garc\u00eda), Felipe Meza y Pedro Vergara hicieron la Guilloumet, Jos\u00e9 Edwards la Desmochada, Manuel Medina, Pablo Miranda y Armando Montero hicieron la Guilloumet por la Brenner, etc\u00e9tera, etc\u00e9tera, etc\u00e9tera.<\/div>\n<div class=\"Seccin\">Creatividad agotada<\/div>\n<div class=\"Prrafo\">No me quedan m\u00e1s chistes fomes para adornar lo que viene a continuaci\u00f3n: las dos actividades de inter\u00e9s que hubo en el Campo de Hielo Norte.<\/div>\n<div class=\"Prrafo\">Primero fue el esfuerzo de Armando Montero y Juan Ruiz, quienes en los \u00faltimos d\u00edas de noviembre partieron de Coyhaique con la idea de realizar el primer ascenso del Pu\u00f1o, una monta\u00f1a de 2.300 metros de altura que se ubica en la zona del glaciar Colonia. \u00bfPor qu\u00e9 a las colonias le llaman colonia?<\/div>\n<div class=\"Prrafo\">Con comida para 4 a 5 d\u00edas, les tom\u00f3 uno y medio cruzar la selva austral, luego pudieron montarse en el glaciar y hacer un vivac en una cueva de nieve a 1.700 metros. El 2 de diciembre fueron conectando aristas por la parte sur, cruzaron la parte superior del glaciar, tres largos de mixto, meseta superior, torre\u00f3n final por el oeste y \u00a1cumbre loco! \u00bfAltitud reportada? 2.300 metros.<\/div>\n<div class=\"Prrafo\">Dos meses despu\u00e9s los NOLS-boys tocaron la campana. Un grupo de 16 alumnos liderados por Anne Peick, Christian Steidle, Mart\u00edn Arteaga y Pedro Binfa, se adentraron en el valle del r\u00edo Enga\u00f1o, m\u00e1s espec\u00edficamente en la zona denominada Cord\u00f3n Colmillo, ubicado al noreste del monte San Valent\u00edn.<\/div>\n<div class=\"Prrafo\">Tras realizar ascensos a los cerros Colmillo y Delicado, Zack Dameron, Matt Beehler y el mencionado Binfa intentaron el ascenso de otra que se encuentra por ah\u00ed y que al parecer no ten\u00eda previas ascensiones. Encontrar\u00edan acarreos, una que otra pasada de IV\u00ba grado, pasadas verticales, filo y la cima. A unos preliminares 1.795 metros.<\/div>\n<div class=\"Seccin\">Avellano con cuello<\/div>\n<div class=\"Prrafo\">En noviembre habr\u00eda un nuevo intento a la Torre del Avellano, uno de la mano de Manuel Medina, Rodolfo Torrens y Sebasti\u00e1n Rojas, del cual sin querer se gatillaron otros temas&#8230;<\/div>\n<div class=\"Prrafo\">Tras la aproximaci\u00f3n est\u00e1ndar, incluyendo un par de campamentos, entraron a la pared en la tarde de lo que ser\u00eda el primer d\u00eda de escalada. Tras montarse en un espol\u00f3n y seguir fisuras, hicieron 3 largos y el vivac, en el cual, como es la tradici\u00f3n, pasaron m\u00e1s fr\u00edo que portero de edificio DFL2. Al segundo d\u00eda continuaron, llegaron al headwall final, largos m\u00e1s delicados y, en medio de viento y humedad, hicieron cumbre. El fr\u00edo fue intenso en la bajada, pero los muchachos tienen carrete y pudieron resolverlo.<\/div>\n<div class=\"Prrafo\">Antes de devolverse, tuvieron tiempo de intentar otra ruta en una monta\u00f1a cercana, pero a pocos largos de la cumbre Torrens tuvo un vuelo y optaron por no continuar.<\/div>\n<div class=\"Prrafo\">Todo OK. Los muchachos regresaron pensando que hab\u00edan abierto una nueva ruta a la Torre del Avellano al cual llamaron &#8220;Arroz con leche y canela&#8221;. El problema surgi\u00f3 despu\u00e9s, al comprobarse que la mayor parte de su recorrido era &#8220;Avellano para el Verano&#8221;, la v\u00eda de Ignacio Morales e Ignacio Grez abierta ocho a\u00f1os antes.<\/div>\n<div class=\"Prrafo\">Entendiendo que hab\u00eda algunas diferencias entre ambas l\u00edneas, \u00bfdaba para llamarla variante? \u00bfO era simplemente una repetici\u00f3n? La respuesta a este candente tema, es para m\u00ed de nuevo un sonoro y estridente &#8220;depende&#8221;.<\/div>\n<div class=\"Prrafo\">Porque no existe una ecuaci\u00f3n perfecta que determine matem\u00e1ticamente a partir de qu\u00e9 punto un recorrido debe ser llamado &#8220;ruta&#8221;, &#8220;variante&#8221; o &#8220;repetici\u00f3n&#8221;. Que es en parte porque hist\u00f3ricamente yo no le he dado mucha importancia a esta discusi\u00f3n. Es m\u00e1s, me da flojera discutir por un diedro m\u00e1s, un diedro menos.<\/div>\n<div class=\"Prrafo\">Sin embargo, mi apat\u00eda no quita que el episodio sea ilustrativo de varias cosas. Por un lado, que un verdadero macho alfa no deber\u00eda tener problemas en admitir que ha repetido una ruta. Y lo segundo, recordar que los tiempos han cambiado y hoy en d\u00eda hay una masiva actividad en todo el pa\u00eds, por lo que cada vez debiera ser m\u00e1s dif\u00edcil encontrar recorridos nuevos. Lo que exige, o mejor dicho, hace de la labor de documentarse, una tarea obligatoria.<\/div>\n<div class=\"Prrafo\">De lo contrario, no vaya a ser que tras gastarse un mes de tiempo y dinero, y sigo hablando en general, una cordada cualquiera regrese pensando que se acaba de embolsar el itinerario del siglo&#8230; solo para descubrir despu\u00e9s que la ruta estaba m\u00e1s recorrida que taza del water.<\/div>\n<div class=\"Seccin\">Tercer Polo<\/div>\n<div class=\"Prrafo\">Continuamos trepando por Chile y llegamos al siguiente polo de desarrollo: Trepananda. O sea, Coyhaique y todos sus cercanos y lejanos alrededores.<\/div>\n<div class=\"Prrafo\">En el cord\u00f3n del Cochrane, a mediados de octubre, In\u00e9s Dussaillant particip\u00f3 por algunos d\u00edas en una de las actividades de la EFA (Equipo Femenino de Alpinismo), de Espa\u00f1a, con la apertura de una v\u00eda en una torre virgen de la cordillera Cochrane (Jaque Mate, 650 metros, 80\u00ba, M6).<\/div>\n<div class=\"Prrafo\">El 4 de noviembre Marco Poblete subi\u00f3 una virgen torre de 2.170 metros, ubicada en el sector del portezuelo Cofr\u00e9, junto a Pedro Sep\u00falveda. La llamaron &#8220;La Torre Sin Nombre&#8221;.<\/div>\n<div class=\"Prrafo\">El 6 y 7 enero, Ignacio Vergara y Rodolfo Torrens hicieron en 25 horas continuas el primer ascenso del Viejo, otra de las emblem\u00e1ticas cumbres de Cordillera Castillo, una que normalmente no se alcanza a ver por localizarse detr\u00e1s del Palo.<\/div>\n<div class=\"Prrafo\">En ese mismo mes, Pablo Miranda y Manuel Medina abrieron una v\u00eda por la \u00faltima de las vertientes del cerro Castillo que estaba sin presencia: su cara norte. La ruta termina exactamente en la cumbre, con el crux localizado en el s\u00e9ptimo largo. La denominaron &#8220;Fragilidad&#8221; y la hicieron en el d\u00eda desde Coyhaique (6b R, 11 largos, 600 metros).<\/div>\n<div class=\"Prrafo\">Todav\u00eda en enero, los d\u00edas 20, 21 y 22, Juan Ruiz y Martin Hartman hicieron la Pared Oeste del Castillo, pero no me refiero al famoso aquel que todos conocemos (en Coyhaique), sino del otro que est\u00e1 ubicado en Ays\u00e9n. El ascenso de estos muchachos ser\u00eda el cuarto registrado. Los anteriores fueron Calvis-Sanhueza, Calvis Hartman, Ruiz-Torrens y Calvis-Estai-Quedando.<\/div>\n<div class=\"Prrafo\">De vuelta al otro Castillo, ahora le toc\u00f3 el turno al Palo, la otra de sus monta\u00f1as insignes. La que una vez se demostr\u00f3 casi invencible, ahora present\u00f3 m\u00faltiples ascensos, por lo cual, despu\u00e9s de hoy dejar\u00e9 de mencionarla, al menos claro est\u00e1, en lo que respecta a su ruta normal. En rigor, fueron 3 nuevas ascensiones; el 3 de febrero Marco Poblete y Guido Mu\u00f1oz (cuarta escalada por esa ruta, quinta absoluta, tercera chilena); el 23 de febrero Juan Ruiz, Hugo Casta\u00f1eda y Luis Torres; y dos d\u00edas despu\u00e9s Mart\u00edn Arteaga, Pedro Binfa y Jos\u00e9 Luis Troncoso.<\/div>\n<div class=\"Prrafo\">Luego vendr\u00edan las actividades sobre el Mano Negra. Este es una monta\u00f1a formada con agujas y dedos y sobre la cual destacan tambi\u00e9n dos cumbres. Ha habido dudas sobre las actividades previas, pero todo parece indicar, o mejor dicho, todo pinta para que Hugo Casta\u00f1eda, Juan Ruiz y Martin Hartmann fueran los que le hicieran el primer ascenso a la Torre Sur en febrero. Gan\u00e1ndole por poco el quien vive a Marco Poblete y Guido mu\u00f1oz, el primero de los cuales le hab\u00eda hecho un buen intento a\u00f1os atr\u00e1s que qued\u00f3 corto por poco. No se sabe bien las alturas (rondan los 1.800 metros), no est\u00e1 claro cu\u00e1l torre es mayor, no se sabe si la Torre Norte tiene ascensos y tampoco se sabe si Bachelet es rubia o te\u00f1ida.<\/div>\n<div class=\"Prrafo\">Cerca de la Junta, 250 kil\u00f3metros al norte de Coyhaique est\u00e1 el muy desconocido cord\u00f3n Barros Arana, en cuyos faldeos (parezco documental) solo se reportaba el ascenso de Douglas Tompkins, Galen Rowell y los hermanos Cado y Josh Avenali al macizo mayor. Pues ahora Juan Ruiz, Martin Hartman, Hugo Casta\u00f1eda y Crist\u00f3bal Garc\u00eda le hicieron una visita, del 21 al 27 de marzo, escalando lo que deber\u00eda ser la Torre Sur del cond\u00f3n, perd\u00f3n, cord\u00f3n (5.9, 6 largos).<\/div>\n<div class=\"Seccin\">Caumtepudehua<\/div>\n<div class=\"Prrafo\">Dejando atr\u00e1s Trepananda, es el turno de hablar ahora del esfuerzo de Nicol\u00e1s Guti\u00e9rrez, Sebasti\u00e1n Rojas y Daniel Osorio en febrero por realizar el primer ascenso de una monta\u00f1a gigante, con desniveles cercanos a los mil metros, que se ve desde la Carretera Austral y que tiene como forma de&#8230; Gorila.<\/div>\n<div class=\"Prrafo\">Espec\u00edficamente, se localiza en el extremo sur-este del Fiordo de Comau, tambi\u00e9n conocido por los antiguos como Leptep\u00fa, en la desembocadura del valle del r\u00edo Vodudahue. Loco, \u00bfno pod\u00edan tener nombres m\u00e1s f\u00e1ciles?<\/div>\n<div class=\"Prrafo\">La log\u00edstica no era simple pero la resolvieron de formas varias. Accedieron a la ribera norte del Vodudahue antes de su desembocadura, cruzaron la playa y establecieron el campamento base.<\/div>\n<div class=\"Prrafo\">Al d\u00eda siguiente partieron temprano llevando comida y equipo para dos d\u00edas. Fue complicado atravesar la selva y despu\u00e9s de varias horas de esfuerzos, partieron la escalada propiamente tal, a las 11 horas. Diedro con ramas, off-width, placas, fisuras y cumbre a las 6 de la tarde. Rapeles solo de anclajes naturales y regreso pele\u00e1ndola con la selva y las mareas (&#8220;Ra\u00edces bajo llaves&#8221;, Pared del Gorila, 6A, 800 m).<\/div>\n<div class=\"Seccin\">Molido<\/div>\n<div class=\"Prrafo\">En el recuento anterior lo hab\u00eda comentado, que era muy probable que hubiera m\u00e1s chilenos actuando en Europa y que yo de impotente y eunuco no los estaba reportando. Pues efectivamente as\u00ed fue (lo de impotente). De lo que no report\u00e9 entonces hubo dos cosas que me parecieron pertinentes de comentar ahora.<\/div>\n<div class=\"Prrafo\">Primero Le\u00f3n D\u00e9lano, un chileno que por intercambio estudiantil permaneci\u00f3 7 meses en Europa. \u00c9l har\u00eda en agosto, junto al franc\u00e9s Boris Pivaudran, la Petit MacIntyre a la Cara Norte de las Grandes Jorasses (TD\/IV 4+, 600 m), la directa a la Cara Sur del Piz Badile, en Val di Melo, en la frontera suiza italiana, y la Campanile Basso, en las Dolomitas. Posteriormente, ya en invierno europeo y s\u00ed dentro del periodo de este recuento, har\u00eda antes de las navidades del 2014 la invernal a la Modica Noury a la cara este del Mont Blanc de Tacul (4.248 m, TD, III, 5+, M5, 500 metros), con el tambi\u00e9n franc\u00e9s Christophe Ogier. M\u00e1s nombres raros.<\/div>\n<div class=\"Prrafo\">Y luego est\u00e1 Carlos V\u00e1squez, un chileno radicado en Chamonix y que nunca para de realizar actividades. Lo primero a comentar, y tambi\u00e9n gran casualidad, es que tambi\u00e9n intent\u00f3 la Petit Macintyre, top\u00e1ndose con D\u00e9lano cuando este bajaba. Y luego V\u00e1squez har\u00eda, el 25 de septiembre, la v\u00eda Eslovena al espol\u00f3n Croz (V, 5, M6, 4C, 1000 metros). Para bajar hicieron unos rapeles y despu\u00e9s a pie hasta el pueblo, unas 7 horas caminando. Posteriormente har\u00eda la invernal a la Cara Norte de la Aiguille du Midi y la ruta Fil a Plomb (III 4+ m4 1200 m). Guau, put a timp, cop a tlam.<\/div>\n<div class=\"Prrafo\">Para los que no lo ubican mucho, V\u00e1squez fue el chileno que escal\u00f3 con Andr\u00e9s Zegers el a\u00f1o pasado el Pilar Freney al Mont Blanc y la directa americana al Dru.<\/div>\n<div class=\"Prrafo\">En \u00c1frica, a fines de enero, Rodericus Kafi realiz\u00f3 el primer ascenso nacional del Espol\u00f3n del Diamante al Monte Kenia (5.199 m). Una ruta de 650 metros (450 m\u00e1s 200) que va al costado de la famosa pero ahora extinta v\u00eda &#8220;Corredor del Diamante&#8221;. La escalada la hizo en solitario y, al parecer, ser\u00eda el tercer ascenso nacional absoluto de dicha monta\u00f1a (tras Guido Polidori y los hermanos Jos\u00e9 y Daniel Gonz\u00e1lez en 1995; y luego Patricia Soto en el 2005, pero han pasado 10 a\u00f1os desde entonces y no ser\u00eda raro que hubiera m\u00e1s).<\/div>\n<div class=\"Prrafo\">En los Andes Centrales, Elvis Acevedo y Ulises Espinoza hicieron dos primeras ascensiones en 6 d\u00edas en el valle Las Le\u00f1as, uno que estuvo cerrado por problemas de acceso. Ellos ser\u00edan la cumbre central del General Carrera (Cara Norte, 3.198 m, AD-, 60\u00b0\/5.7, 900 m) y el Manuel Rodr\u00edguez (4.026 m, AD-, 60\u00b0\/5.7, 1,100 m). Adicionalmente se dieron tiempo para explorar el relativamente desconocido Caj\u00f3n de Espinoza.<\/div>\n<div class=\"Prrafo\">Un poco m\u00e1s al norte, Luis Concha y Franco Rodr\u00edguez se dieron ma\u00f1a de hacer el primer ascenso al cerro Diablo (4.229 m), localizada al interior de Coya y Pangal, en el caj\u00f3n de Paredones (no confundir con la monta\u00f1a del mismo nombre localizada al interior del caj\u00f3n de Vald\u00e9s, detr\u00e1s del Diente del Diablo). El esfuerzo les tom\u00f3 4 d\u00edas a partir del 4 de diciembre (AD, V, 60\u00ba, 1.000 m).<\/div>\n<div class=\"Prrafo\">Y, loado sea el pulento, terminamos. GRACIAS, GRACIAS, GRACIAS.<\/div>\n<div class=\"Seccin\">Sal\u00f3n de la Fama<\/div>\n<div class=\"Prrafo\">Dos de los premios vac\u00edos. La Colchoneta de Tungsteno a la Mejor Iniciativa, porque no hubo nada que alumbrara el vac\u00edo de la realidad nacional; y la Br\u00fajula de Uranio a la Mejor Expedici\u00f3n, pues tampoco hubo alguna que tuviera \u00e9xito y satisficiera la PAPA. Por aqu\u00ed, nada.<\/div>\n<div class=\"Prrafo\">Donde s\u00ed hubo m\u00e9ritos fue para la Mejor Actividad T\u00e9cnica. Que no significa solo grado, sino que tambi\u00e9n la exquisita combinaci\u00f3n y depuraci\u00f3n de las &#8220;t\u00e9cnicas&#8221;, valga la redundancia. Que en el caso de este encadenamiento, la traves\u00eda de las Torres del Paine tipo NW, llega a un nivel de detalle incre\u00edble. Los problemas de definiciones y otras no cambian que la Jeringa de Plutonio se la lleven merecidamente Juan Se\u00f1oret, Crist\u00f3bal Se\u00f1oret y el argentino I\u00f1aki Coussirat, por su &#8220;Andino Travers&#8221;.<\/div>\n<div class=\"Prrafo\">\u00bfY el Ajo de Molibdeno al Mejor Deportista? Esta es f\u00e1cil, a Crist\u00f3bal Se\u00f1oret. O sea, el ejemplo perfecto de c\u00f3mo debiera ser el elegido; una persona cuyo desempe\u00f1o, de s\u00f3lo escucharlo, haga que se nos caiga la quijada. O sea, o sea, o sea, que el desempe\u00f1o hable por s\u00ed solo. O sea: primera traves\u00eda NW Torres del Paine, Mermoz, Guilloumet dos veces, Franco Argentina al Fitz Roy con dos escaladores m\u00e1s (I\u00f1aki e Ignacio Molinelli), e intentos a la Poincenot, Royal Flush y quien sabe cu\u00e1ntas otras cosas m\u00e1s.<\/div>\n<div class=\"Prrafo\">Ah, s\u00ed. Y tambi\u00e9n el Torre por la Ferrari. O sea&#8230; mejor retir\u00e9monos.<\/div>\n<div class=\"Firma\">El Anticristo<br><a href=\"mailto:anticristo@aruficax.cl\">anticristo@aruficax.cl<\/a><\/div>\n<\/div>\n\n\n<p><\/p>\n\n<!-- Facebook Like Button v1.9.6 BEGIN [http:\/\/blog.bottomlessinc.com] -->\n<iframe src=\"http:\/\/www.facebook.com\/plugins\/like.php?href=https%3A%2F%2Fwww.escalando.org%2Fanticristo%2Ftemporada-alta-2014-2015-dulce%2F&amp;layout=standard&amp;show_faces=true&amp;width=450&amp;action=like&amp;colorscheme=light\" scrolling=\"no\" frameborder=\"0\" allowTransparency=\"true\" style=\"border:none; overflow:hidden; width:450px; height: 100px; align: left; margin: 20px 0px 2px 0px\"><\/iframe>\n<!-- Facebook Like Button END -->\n","protected":false},"excerpt":{"rendered":"<p>El conocido recuento de la actividad del monta\u00f1ismo nacional, entre octubre 2014 y marzo 2015, visto, explicado y analizado a la manera Anticristo. Incluye la traves\u00eda de las Torres del Paine, el primer ascenso del Torre por la Ferrari y la invernal a la Cara Este del Pochoco.<\/p>\n","protected":false},"author":2,"featured_media":0,"comment_status":"open","ping_status":"closed","sticky":false,"template":"","format":"standard","meta":{"_et_pb_use_builder":"","_et_pb_old_content":"","_et_gb_content_width":"","_s2mail":"yes","footnotes":""},"categories":[3],"tags":[],"class_list":["post-818","post","type-post","status-publish","format-standard","hentry","category-articulospublicados"],"_links":{"self":[{"href":"https:\/\/www.escalando.org\/anticristo\/wp-json\/wp\/v2\/posts\/818","targetHints":{"allow":["GET"]}}],"collection":[{"href":"https:\/\/www.escalando.org\/anticristo\/wp-json\/wp\/v2\/posts"}],"about":[{"href":"https:\/\/www.escalando.org\/anticristo\/wp-json\/wp\/v2\/types\/post"}],"author":[{"embeddable":true,"href":"https:\/\/www.escalando.org\/anticristo\/wp-json\/wp\/v2\/users\/2"}],"replies":[{"embeddable":true,"href":"https:\/\/www.escalando.org\/anticristo\/wp-json\/wp\/v2\/comments?post=818"}],"version-history":[{"count":5,"href":"https:\/\/www.escalando.org\/anticristo\/wp-json\/wp\/v2\/posts\/818\/revisions"}],"predecessor-version":[{"id":1228,"href":"https:\/\/www.escalando.org\/anticristo\/wp-json\/wp\/v2\/posts\/818\/revisions\/1228"}],"wp:attachment":[{"href":"https:\/\/www.escalando.org\/anticristo\/wp-json\/wp\/v2\/media?parent=818"}],"wp:term":[{"taxonomy":"category","embeddable":true,"href":"https:\/\/www.escalando.org\/anticristo\/wp-json\/wp\/v2\/categories?post=818"},{"taxonomy":"post_tag","embeddable":true,"href":"https:\/\/www.escalando.org\/anticristo\/wp-json\/wp\/v2\/tags?post=818"}],"curies":[{"name":"wp","href":"https:\/\/api.w.org\/{rel}","templated":true}]}}