{"id":768,"date":"2015-02-11T16:00:24","date_gmt":"2015-02-11T20:00:24","guid":{"rendered":"http:\/\/www.escalando.org\/anticristo\/?p=768"},"modified":"2021-11-18T14:22:04","modified_gmt":"2021-11-18T18:22:04","slug":"temporada-baja-2014-agraz","status":"publish","type":"post","link":"https:\/\/www.escalando.org\/anticristo\/temporada-baja-2014-agraz\/","title":{"rendered":"Temporada baja 2014: agraz"},"content":{"rendered":"<div id=\"Contenido\">\n<div id=\"Fecha\">Febrero 2015<\/div>\n<div class=\"PrrafoPrimero\">Resisti\u00e9ndose a morir, con ustedes el \u00fanico recuento que existe de la actividad del monta\u00f1ismo chileno. Que espero alg\u00fan d\u00eda sirva de algo a alguien.<\/div>\n<div class=\"Prrafo\">Para evitar que un reci\u00e9n llegado venga y me rete, les repito que el recuento trata de ser completo en cuanto a los accidentes fatales y los intentos o logros con alg\u00fan grado de significaci\u00f3n deportiva. Que hayan ocurridos entre abril y septiembre del 2014, de la mano de chilenos o extranjeros radicados en Chile. Por supuesto solo monta\u00f1ismo, en su m\u00e1s extensa definici\u00f3n, pero dejando fuera a expresiones que se las dan de extremos pero que son puro chupar loly-pops.<\/div>\n<div class=\"Prrafo\">Recuento creado gracias a la ayuda e informaci\u00f3n de varias personas, dentro de las cuales quisiera agradecer a Sebasti\u00e1n Rojas, Rafael Testart, Jimmy Mora, Vasco Garc\u00eda, Martin Link, Diego Collao, Alejandro Mari\u00f1o, Armando Montero, B\u00e1rbara Donoso, Nicol\u00e1s Guti\u00e9rrez, Gunther Hiche, Evelyne Lizama, Pablo Besser, Steffen Welsch, John Wayne, Rock Hudson y Gregory Peck.<\/div>\n<div class=\"Prrafo\">Como es la costumbre, comenzamos el recuento con los accidentes fatales. Segmento donde no hago broma alguna y trato el asunto con el respeto que se merece. En la pr\u00f3xima entrega&#8230; las escaladas.<\/div>\n<div class=\"Prrafo\">Empecemos.<\/div>\n<div class=\"Seccin\">Julio en el centro<\/div>\n<div class=\"Prrafo\">En orden cronol\u00f3gico, el primer incidente ocurri\u00f3 el domingo 13 de julio, en los Andes Centrales de Chile, cuando Jorge V\u00e1squez, de 30 a\u00f1os de edad, se dirigi\u00f3 al Caj\u00f3n del Maipo con la idea de escalar en el d\u00eda, solo, la ruta &#8220;Canal\u00f3n de los Perros&#8221;, en el cerro Chacaya.<\/div>\n<div class=\"Prrafo\">Lleg\u00f3 en auto junto a un amigo, con quien acord\u00f3 estar de regreso antes de las 6 de la tarde, lo que le daba a V\u00e1squez 12 horas para entrar en la ruta, subir y bajar.<\/div>\n<div class=\"Prrafo\">El d\u00eda transcurri\u00f3 sin novedades. Pero la hora l\u00edmite se cumplir\u00eda y V\u00e1squez no aparecer\u00eda de regreso. Lo cual motiv\u00f3 a su amigo a solicitar ayuda a Carabineros de Chile en el ret\u00e9n de San Gabriel. Desde donde se pudo lograr, con varias comunicaciones de por medio, que esa misma noche 4 voluntarios del CSA inspeccionaran el \u00e1rea. Lamentablemente no encontraron se\u00f1ales de V\u00e1squez y, para peor, se puso a nevar. Obviamente la b\u00fasqueda tuvo que suspenderse.<\/div>\n<div class=\"Prrafo\">Al d\u00eda siguiente, lunes 14, se reanud\u00f3 un operativo amplio que incluy\u00f3 GOPE, CSA y particulares, que abarc\u00f3 el Caj\u00f3n del Chacaya completo pues no hab\u00eda certeza de d\u00f3nde exactamente V\u00e1squez podr\u00eda haberse metido. Nuevamente, no habr\u00eda resultado.<\/div>\n<div class=\"Prrafo\">Pero el martes 15 se enfocaron precisamente en la Cara Sur de este cerro, donde realizaron una cuidadosa operaci\u00f3n rastrillo que a las 16:30 horas dio con el cuerpo sin vida de V\u00e1squez.<\/div>\n<div class=\"Prrafo\">Esta es la segunda v\u00edctima fatal que el cerro Chacaya produce en la \u00faltima d\u00e9cada. Y la primera por esta ruta.<\/div>\n<div class=\"Seccin\">Agosto en el sur<\/div>\n<div class=\"Prrafo\">Un mes despu\u00e9s, el Sur de Chile. Un grupo de tres personas se dirigi\u00f3 al Lan\u00edn para intentar su ruta normal. Eran el espa\u00f1ol Luis S\u00e1nchez (30), el mexicano David Fern\u00e1ndez (24) y el alem\u00e1n Martin Link (25).<\/div>\n<div class=\"Prrafo\">Como bien sabemos, es necesario pasar la frontera con Argentina por el paso Mamuil Malal y cumplir las formalidades que el vecino pa\u00eds exige, cosa que estos j\u00f3venes hicieron el 14 de agosto. Luego de lo cual, aproximadamente a las 11 horas de ese mismo d\u00eda, comenzaron el ascenso con la idea de acampar en el refugio del Club Andino, a unos 2.500 metros.<\/div>\n<div class=\"Prrafo\">Pero a la salida de lo que se denomina la Espina del Pescado (aproximadamente a 2.350 metros), entre las 3 y las 4 de la tarde, la nieve comenz\u00f3 a ponerse dura y el grupo decidi\u00f3 usar crampones. Para lo cual se desplaz\u00f3 lateralmente en direcci\u00f3n al antiguo refugio militar que se encontraba cerca, a cota, a no m\u00e1s de 15 metros de distancia horizontal. Lamentablemente, involucrado justo en tal maniobra, S\u00e1nchez dar\u00eda un mal paso, perder\u00eda el equilibro y comenzar\u00eda a deslizarse sin control hacia abajo, por la fuerte pendiente.<\/div>\n<div class=\"Prrafo\">Tras lo ocurrido, Fern\u00e1ndez bajar\u00eda para avisar del hecho, mientras que Link ir\u00eda en busca de S\u00e1nchez para ayudarlo. Lo encontrar\u00eda mil metros m\u00e1s abajo, inconsciente, polifracturado, y, a pesar de los m\u00e9todos de reanimaci\u00f3n que le aplic\u00f3 por media hora, no hubo caso. Era evidente que su compa\u00f1ero hab\u00eda fallecido.<\/div>\n<div class=\"Prrafo\">La recuperaci\u00f3n del cuerpo fue realizada por personal de diferentes instituciones argentinas, al d\u00eda siguiente.<\/div>\n<div class=\"Seccin\">Septiembre en el extremo austral<\/div>\n<div class=\"Prrafo\">Otro salto de un mes y algo m\u00e1s. Un equipo internacional de cuatro personas se moviliz\u00f3 al monte San Lorenzo con la idea de documentar un descenso extremo en esqu\u00ed. Eran los famosos freeriders Carl Fransson (31 a\u00f1os, sueco) y Jean Aucliar (37, canadiense), quienes viajaban acompa\u00f1ados por los encargados de filmar la actividad: los tambi\u00e9n suecos Bjarne Salen y Danniel Ronnback.<\/div>\n<div class=\"Prrafo\">Tras pasar el 26 de septiembre por Balmaceda y Cochrane, se internaron en el macizo y eligieron una angosta canaleta localizada en la Cara Norte del San Lorenzo, una de aproximadamente 60 grados de inclinaci\u00f3n y mil metros de largo.<\/div>\n<div class=\"Prrafo\">Lo intentaron el 29. Pero cuando Fransson y Aucliar hab\u00edan subido algo as\u00ed como dos tercios del canal\u00f3n, se desencaden\u00f3 una avalancha en las empinadas pendientes somitales, la cual entr\u00f3 por el canal y pas\u00f3 a llevar a los esquiadores, arrastr\u00e1ndolos con ella hasta detenerse en el glaciar que existe en la base de esa vertiente.<\/div>\n<div class=\"Prrafo\">Salen y Ronnback estaban filmando desde un filo localizado a unos 6 kil\u00f3metros de distancia y observaron el accidente. Tras lo cual, y dado que no obtuvieron respuesta de sus compa\u00f1eros por la radio, se comunicaron por tel\u00e9fono satelital al exterior para dar cuenta de lo ocurrido. Luego, y ante los m\u00faltiples riesgos en que incurrir\u00edan si intentaban acceder al lugar donde estaban los esquiadores, optaron por descender a la caba\u00f1a Toni Roher a esperar la llegada de m\u00e1s ayuda.<\/div>\n<div class=\"Prrafo\">Al d\u00eda siguiente, un helic\u00f3ptero de Carabineros de Chile llevando al monta\u00f1ista nacional Armando Montero, sobrevol\u00f3 la escena y, si bien no pudo aterrizar debido a lo complejo del terreno, logr\u00f3 localizar a los esquiadores y comprobar m\u00e1s all\u00e1 de cualquier duda que estaban sin vida.<\/div>\n<div class=\"Prrafo\">El sitio exacto donde yac\u00edan pertenece a Argentina, lo cual hizo que las maniobras de recuperarlos fueran de responsabilidad de sus organizaciones. Pero en los momentos en que se redactan estas l\u00edneas, ello a\u00fan no ha ocurrido debido a los riesgos que conlleva realizar un operativo en dicho sitio.<\/div>\n<div class=\"Seccin\">Olvido Uno<\/div>\n<div class=\"Prrafo\">Hay un incidente que ocurri\u00f3 en el pasado y que no coment\u00e9 cuando correspond\u00eda, el recuento anterior, sencillamente porque no tuve idea del caso. Me refiero al desaparecimiento de Laureano Santos.<\/div>\n<div class=\"Prrafo\">Un ciudadano argentino de 26 a\u00f1os de edad que ingres\u00f3 a Chile el 22 de diciembre del 2013, por el paso fronterizo Dorotea, con la intenci\u00f3n de visitar Torres del Paine. Tras entrar al Parque al d\u00eda siguiente, dormir en el sector Dickson y ser visto para Navidad en el \u00e1rea de Los Perros, nunca m\u00e1s se sabr\u00eda de \u00e9l.<\/div>\n<div class=\"Prrafo\">Pero pasar\u00eda su tiempo antes de que se desencadenara alarma. El per\u00edodo que pas\u00f3 hasta que su fecha de regreso a Bariloche se cumpli\u00f3, el 5 de enero, y el no apareci\u00f3. Tras una espera prudente, y dada la falta completa de noticias, sus cercanos se comunicaron el 10 de enero con el Parque Nacional para avisar de la situaci\u00f3n. Luego de lo cual se inici\u00f3 una b\u00fasqueda formal por presunta desgracia que se llevar\u00eda a cabo por aire y tierra. Sin embargo, debido a los nulos resultados, en febrero del 2014 se suspendieron los operativos.<\/div>\n<div class=\"Prrafo\">Pasar\u00eda casi un a\u00f1o. Hasta que en la ma\u00f1ana del s\u00e1bado 8 de noviembre del 2014, a un costado del sendero que une los campamentos Los Perros y El Paso, se encontrar\u00edan los restos mortales de una persona que, dado el equipo, documentos y vestimenta, parecer\u00eda ser Santos.<\/div>\n<div class=\"Prrafo\">La confirmaci\u00f3n final de qui\u00e9n se trata, y la causa de su fallecimiento, solo pueden ser determinadas v\u00eda an\u00e1lisis gen\u00e9ticos y autopsia, informaci\u00f3n que no ha sido hecho p\u00fablica todav\u00eda.<\/div>\n<div class=\"Seccin\">Olvido Dos<\/div>\n<div class=\"Prrafo\">Para hacer las cosas peor, hubo otro caso al cual tampoco le prest\u00e9 la debida atenci\u00f3n hace dos a\u00f1os, aunque en esta situaci\u00f3n fue por una raz\u00f3n distinta: asum\u00ed err\u00f3neamente que Chile no estaba involucrado.<\/div>\n<div class=\"Prrafo\">Ocurri\u00f3 a principios del 2013, en el nevado Tres Cruces. Cuando el ciudadano argentino Ricardo C\u00f3rdoba, oriundo de Catamarca y con 59 a\u00f1os de edad, se dirigi\u00f3 a la Puna de Atacama para intentar el ascenso del Tres Cruces, monta\u00f1a lim\u00edtrofe entre Chile y Argentina que cuenta con varias cumbres principales.<\/div>\n<div class=\"Prrafo\">Estando C\u00f3rdoba el 7 de enero en la aduana argentina del Paso San Francisco, se encontr\u00f3 con el monta\u00f1ista franc\u00e9s Guillaume Ceyrac (41), a qui\u00e9n le ofreci\u00f3 transporte en su veh\u00edculo. Juntos se fueron al Salar de Maricunga para regularizar su estad\u00eda en Chile (all\u00ed se encuentra la respectiva aduana de nuestro pa\u00eds) y luego se dirigieron al cerro, pudiendo avanzar en veh\u00edculo hasta los 4.800 metros. Despu\u00e9s de eso se separaron, cada uno enfocado en la realizaci\u00f3n de sus planes: C\u00f3rdoba deseaba intentar solo la cumbre sur del Tres Cruces, la m\u00e1s alta (6.749 m), mientras que Ceyrac se hab\u00eda preparado para ascender las tres principales (Norte, Central y Sur).<\/div>\n<div class=\"Prrafo\">Dos d\u00edas despu\u00e9s, el 9 de enero, se volver\u00edan a encontrar y compartir\u00edan campamento en el collado a 6.000 metros que existe entre las cumbres Central y Sur. Como C\u00f3rdoba no estaba bien aclimatado a\u00fan, al d\u00eda siguiente se qued\u00f3 descansando en su carpa mientras que Ceyrac, quien ya d\u00edas antes hab\u00eda subido la cumbre Central (6.629 m), ascend\u00eda ahora la Sur. Al franc\u00e9s le fue bien y un d\u00eda despu\u00e9s, el 11, Ceyrac levant\u00f3 campamento para irse en busca de la que le faltaba, la Norte, lo que le hizo tener que despedirse de C\u00f3rdoba, quien seguir\u00eda todav\u00eda en el collado.<\/div>\n<div class=\"Prrafo\">Posteriormente, un par de d\u00edas despu\u00e9s, Ceyrac se retirar\u00eda del \u00e1rea y notar\u00eda que el veh\u00edculo de C\u00f3rdoba todav\u00eda estaba estacionado donde lo hab\u00edan dejado. Notificar\u00eda del hecho a la agencia con la cual se estaba entendiendo, aviso que desencaden\u00f3 algunos d\u00edas m\u00e1s tarde la alerta cuando definitivamente C\u00f3rdoba no dio se\u00f1ales de vida.<\/div>\n<div class=\"Prrafo\">Hubo varios intentos para localizarlo, involucrando organizaciones y tambi\u00e9n voluntarios, tanto por Chile y Argentina. B\u00fasqueda que efectivamente dio con la carpa y algunos enseres de C\u00f3rdoba, pero de \u00e9l&#8230; nada.<\/div>\n<div class=\"Prrafo\">A la fecha contin\u00faa desaparecido.<\/div>\n<div class=\"Seccin\">Literalmente molido<\/div>\n<div class=\"Prrafo\">De todas las historias de sacadas de crestilandia que circularon por ah\u00ed, escog\u00ed esta para terminar e ir aligerando un poco el tono. Es el caso de la cordada del chileno Rafael Testart y el norteamericano Andre Landau, quienes ascendieron el Plomo a principios de septiembre, o sea invierno, en tres d\u00edas.<\/div>\n<div class=\"Prrafo\">Ese no es el cuento. Sino que quer\u00edan bajar esquiando el Iver, glaciar que puede ser f\u00e1cil o dif\u00edcil; depende. A veces tiene buena nieve y es un placer. En ocasiones parece whisky de resort pobre; puro hielo.<\/div>\n<div class=\"Prrafo\">En el caso de estos muchachos, tras alcanzar la cumbre, se colocaron arriba del glaciar, se calzaron los esqu\u00eds y \u00a1listo! Para abajo. Encontr\u00e1ndolo&#8230; m\u00e1s duro que pilar de muelle. Un hielo dif\u00edcil de cortar y, obvio, peligroso.<\/div>\n<div class=\"Prrafo\">Pero no por eso cejaron. Giro por aqu\u00ed, giro por ac\u00e1, y f\u00edjate t\u00fa linda que pudieron negociarlo bien. Tanto que casi hab\u00edan terminado, falt\u00e1ndoles algo as\u00ed como 200 metros no m\u00e1s para llegar abajo, cuando Landau perdi\u00f3 pie y chaus, comenz\u00f3 a deslizarse infinitamente por la pendiente. Siempre bajo la atenta mirada de Testar que pensaba en d\u00f3nde iba a encontrar otra cordada tan buena como esa.<\/div>\n<div class=\"Prrafo\">Sin embargo, incre\u00edblemente, Landau pudo autodetenerse. \u00a1Llevaba piolet! Maniobra que bueno, lo dej\u00f3 sin poder mover el brazo izquierdo por un par de horas. Pero eso&#8230; eso es un detalle no m\u00e1s.<\/div>\n<div class=\"Prrafo\">\u00bfMoraleja? M\u00e1s vale tener la mano en el piolet que en el seno de la vecina.<\/div>\n<div class=\"Seccin\">Continuar\u00e1<\/div>\n<div class=\"Prrafo\">As\u00ed es, ya lo saben, en el pr\u00f3ximo cap\u00edtulo los intentos y escaladas m\u00e1s memorables. Estrellas invitadas: Bart Simpson.<\/div>\n<div class=\"Prrafo\">\u00a1Tutaonana!<\/div>\n<div class=\"Firma\">El Anticristo<br \/>\n<a href=\"mailto:anticristo@aruficax.cl\">anticristo@aruficax.cl<\/a><\/div>\n<\/div>\n\n<!-- Facebook Like Button v1.9.6 BEGIN [http:\/\/blog.bottomlessinc.com] -->\n<iframe src=\"http:\/\/www.facebook.com\/plugins\/like.php?href=https%3A%2F%2Fwww.escalando.org%2Fanticristo%2Ftemporada-baja-2014-agraz%2F&amp;layout=standard&amp;show_faces=true&amp;width=450&amp;action=like&amp;colorscheme=light\" scrolling=\"no\" frameborder=\"0\" allowTransparency=\"true\" style=\"border:none; overflow:hidden; width:450px; height: 100px; align: left; margin: 20px 0px 2px 0px\"><\/iframe>\n<!-- Facebook Like Button END -->\n","protected":false},"excerpt":{"rendered":"<p>La hist\u00f3rica recopilaci\u00f3n con los accidentes y ascensos destacados de la comunidad de monta\u00f1istas chilenos. Primer entrega: v\u00edctimas fatales (abril-septiembre 2014).<\/p>\n","protected":false},"author":2,"featured_media":0,"comment_status":"closed","ping_status":"closed","sticky":false,"template":"","format":"standard","meta":{"_et_pb_use_builder":"","_et_pb_old_content":"","_et_gb_content_width":"","_s2mail":"yes","footnotes":""},"categories":[3],"tags":[],"class_list":["post-768","post","type-post","status-publish","format-standard","hentry","category-articulospublicados"],"_links":{"self":[{"href":"https:\/\/www.escalando.org\/anticristo\/wp-json\/wp\/v2\/posts\/768","targetHints":{"allow":["GET"]}}],"collection":[{"href":"https:\/\/www.escalando.org\/anticristo\/wp-json\/wp\/v2\/posts"}],"about":[{"href":"https:\/\/www.escalando.org\/anticristo\/wp-json\/wp\/v2\/types\/post"}],"author":[{"embeddable":true,"href":"https:\/\/www.escalando.org\/anticristo\/wp-json\/wp\/v2\/users\/2"}],"replies":[{"embeddable":true,"href":"https:\/\/www.escalando.org\/anticristo\/wp-json\/wp\/v2\/comments?post=768"}],"version-history":[{"count":16,"href":"https:\/\/www.escalando.org\/anticristo\/wp-json\/wp\/v2\/posts\/768\/revisions"}],"predecessor-version":[{"id":1231,"href":"https:\/\/www.escalando.org\/anticristo\/wp-json\/wp\/v2\/posts\/768\/revisions\/1231"}],"wp:attachment":[{"href":"https:\/\/www.escalando.org\/anticristo\/wp-json\/wp\/v2\/media?parent=768"}],"wp:term":[{"taxonomy":"category","embeddable":true,"href":"https:\/\/www.escalando.org\/anticristo\/wp-json\/wp\/v2\/categories?post=768"},{"taxonomy":"post_tag","embeddable":true,"href":"https:\/\/www.escalando.org\/anticristo\/wp-json\/wp\/v2\/tags?post=768"}],"curies":[{"name":"wp","href":"https:\/\/api.w.org\/{rel}","templated":true}]}}