{"id":732,"date":"2014-11-04T22:28:03","date_gmt":"2014-11-05T02:28:03","guid":{"rendered":"http:\/\/www.escalando.org\/anticristo\/?p=732"},"modified":"2021-11-18T14:20:18","modified_gmt":"2021-11-18T18:20:18","slug":"flojos","status":"publish","type":"post","link":"https:\/\/www.escalando.org\/anticristo\/flojos\/","title":{"rendered":"Flojos"},"content":{"rendered":"<div id=\"Contenido\">\n<div id=\"Fecha\">Noviembre 2014<\/div>\n<div class=\"PrrafoPrimero\">En el pasado us\u00e9 una frase que trataba de pasar por divertida. Pero no ten\u00eda nada de gracioso, pues lo hac\u00eda usando un recurso tan barato que era definitivamente de mal gusto.<\/div>\n<div class=\"Prrafo\">Porque insultaba a un grupo de orientaci\u00f3n sexual que no merec\u00eda tal trato de mi parte. El mundo ha cambiado y hoy nuestra sociedad va en la direcci\u00f3n de reconocer a la diversidad como un valor. Toda ella. En mi opini\u00f3n, con justa raz\u00f3n.<\/div>\n<div class=\"Prrafo\">Al error admitido, el perd\u00f3n solicitado. Y es lo que ofrezco ahora a todos quienes sin querer y est\u00fapidamente ofend\u00ed. Se\u00f1oras y se\u00f1ores, mis disculpas.<\/div>\n<div class=\"Prrafo\">Dicho eso&#8230; \u00bfcu\u00e1l era la frase en cuesti\u00f3n?<\/div>\n<div class=\"Prrafo\">Usar raquetas es <em>gay<\/em>.<\/div>\n<div class=\"Seccin\">Hundidos desde el pasado<\/div>\n<div class=\"Prrafo\">Por supuesto que no me refiero a las raquetas que se usan para jugar tenis. Sino que a esos admin\u00edculos anchos que los monta\u00f1istas se colocan en los pies para no hundirse al caminar sobre la nieve.<\/div>\n<div class=\"Prrafo\">Su uso es de larga data, con evidencias de su empleo remont\u00e1ndose unos 4.000 a\u00f1os atr\u00e1s, o m\u00e1s. Incluso, existen sospechas que algunas tribus que emigraron hacia el norte de Europa, y que finalmente dieron origen a los pueblos n\u00f3rdicos, dominaron su fabricaci\u00f3n y les fueron incorporando mejoras tales que finalmente el proceso deriv\u00f3 en la creaci\u00f3n del esqu\u00ed.<\/div>\n<div class=\"Prrafo\">Las raquetas de nieve son livianas, relativamente &#8220;baratas&#8221;, su uso no requiere mayor entrenamiento y resuelve el tremendo problema de c\u00f3mo transitar por terrenos con nieve inconsistente.<\/div>\n<div class=\"Prrafo\">Pero yo las detesto.<\/div>\n<div class=\"Prrafo\">Que es de donde nac\u00eda ese impulso m\u00edo de insultar a quienes las usan con denigratorias palabras homof\u00f3bicas.<\/div>\n<div class=\"Seccin\">Pl\u00e1stica esperanza<\/div>\n<div class=\"Prrafo\">\u00bfQu\u00e9 por qu\u00e9 no me gustan las raquetas de nieve? \u00bfCu\u00e1l es la raz\u00f3n de tal desprecio?<\/div>\n<div class=\"Prrafo\">Por dos razones.<\/div>\n<div class=\"Prrafo\">La primera es porque, aunque no lo parezcan, son harto peligrosas. Claro, mientras caminamos tomados de la mano por un valle plano, hasta tiernos nos vemos. Pero basta que aparezca una pendiente de nieve dura un poco pronunciada y listo; nos movemos con riesgo de ca\u00edda, m\u00e1s apretados que nudo de lancha.<\/div>\n<div class=\"Prrafo\">S\u00ed, las raquetas tienen puntas por debajo que permiten agarrarse mejor. Pero eso no las convierten en crampones, y cualquier movimiento brusco, o una piedra inesperada que rompa los t\u00edpicamente pl\u00e1sticos mecanismos, y \u00a1wuuuaa!, el incauto saldr\u00e1 disparado al vac\u00edo. Lo he visto. Con estas propias orejas. Como varios finos monta\u00f1istas han sido eyectados cuesta abajo debido a la s\u00fabita falla de la raqueta. Terminando todo magullado cientos de metros despu\u00e9s, con lo que queda del encordado de la raqueta doblado en el cuello.<\/div>\n<div class=\"Prrafo\">Siendo real este problema, en todo caso, no es la causa por la cual tengo el hervidor prendido. Es otra raz\u00f3n la que me saca de quicio, y es que al usar raquetas, se sea <em>gay<\/em> o no, no se hace m\u00e1s que perpetuar la p\u00e9sima falencia nacional de no aprender a esquiar.<\/div>\n<div class=\"Seccin\">Excusas convenientes, mentiras apropiadas<\/div>\n<div class=\"Prrafo\">Oh, s\u00ed. Esquiar.<\/div>\n<div class=\"Prrafo\">Seamos directos. Los monta\u00f1istas chilenos no saben esquiar. Un defecto perpetuado por d\u00e9cadas de la mano de la ignorancia y la flojera, lo que es grave porque esta t\u00e9cnica es parte fundamental de lo que es ser alpinista.<\/div>\n<div class=\"Prrafo\">El problema parte porque no se ense\u00f1a cuando ni\u00f1o, se prolonga en la larga banalidad adolescente y solo empiezan a verse las desventajas cuando se llega a adulto, que es el momento en que el proto-monta\u00f1ista comienza a sentirse frustrado con las nuevas ambiciones que desarrolla, t\u00edpicamente objetivos invernales o expediciones a lugares con glaciares. Sitios en los cuales desenvolverse EFICIENTEMENTE es una obligaci\u00f3n: no caerse en las grietas, subir sin enterrarse, arrastrar carga y, por supuesto, bajar bien. Y eso, por si no lo sab\u00edan, significa esquiar.<\/div>\n<div class=\"Prrafo\">Entonces, enfrentados a tal disyuntiva (incre\u00edble mi uso del lenguaje), en vez de tomar decisiones con perspectiva y aprender a esquiar, los monta\u00f1istas nacionales le hacen el quite y buscan subterfugios; o sea, chantarse raquetas en los pies. Aparentemente solucionando el problema para el fin de semana que se acerca, cuando en realidad lo \u00fanico que han logrado es perder el tiempo, pues perpet\u00faan la carencia.<\/div>\n<div class=\"Prrafo\">Por supuesto, las justificaciones para no aprender a esquiar existen y son persuasivas: que el equipo es muy caro, que toma a\u00f1os instruirse, que nadie nos ense\u00f1a, que tengo una lesi\u00f3n, que en realidad no es tan importante&#8230;<\/div>\n<div class=\"Prrafo\">Puras excusas, sus pajeros, cobardes y flojos <em>gay<\/em>&#8230; Auch, se me escap\u00f3.<\/div>\n<div class=\"Seccin\">El tiempo y los favores que hace<\/div>\n<div class=\"Prrafo\">Ahora que lo pienso un poco, y entendiendo que hay diferencias, aqu\u00ed pasa algo similar a lo que ocurri\u00f3 en el mundo del monta\u00f1ismo chileno, hasta casi fines del siglo XX, con el tema de la escalada.<\/div>\n<div class=\"Prrafo\">En aquella \u00e9poca hab\u00eda muchos venerados y famosos instructores que la menospreciaban, e incluso prohib\u00edan su pr\u00e1ctica. No voy a decir sus nombres, \u00bfpara qu\u00e9? Pero Lucero no dejaba pasar ocasi\u00f3n para denigrar a quienes escalaban. Especialmente si usaban calzas rosadas&#8230; \u00a1Y eso s\u00ed que era bien <em>gay<\/em>!<\/div>\n<div class=\"Prrafo\">La opini\u00f3n de tales profesores no hubiera tenido nada de malo si es que se hubiera quedado contenida en ellos, pero como ten\u00edan arrastre, terminaron por generar tendencia. Ustedes saben, nunca faltan los ac\u00f3litos tarados que repiten monsergas sin pensar. De tal cazuela sali\u00f3 ese concepto seductor, pero equivocado, que dec\u00eda que una cosa eran los monta\u00f1istas, otra distinta los escaladores.<\/div>\n<div class=\"Prrafo\">Dagoberto Delgado, que en paz descanse, no ten\u00eda medias tintas al respecto y dec\u00eda que tales instructores actuaban as\u00ed sencillamente por incapacidad t\u00e9cnica; o sea, les daba miedo puntear o eran torpes haci\u00e9ndolo. Idea que, aunque cruel, ten\u00eda m\u00e9ritos. Sin embargo yo prefiero darle una explicaci\u00f3n m\u00e1s&#8230; \u00bfgentil? Y es la siguiente: cuando nuestra \u00e1rea de experticia se ve en peligro, el primer mecanismo de defensa que surge es la negaci\u00f3n.<\/div>\n<div class=\"Prrafo\">Situaci\u00f3n que es el test definitivo para probar la real juventud de nuestras almas. Porque ante la amenaza, hay dos opciones: una es cambiar y adaptarse, que no es f\u00e1cil pero templa el esp\u00edritu; la otra es desestimar el desaf\u00edo, que es c\u00f3modo pero <em>gay<\/em>. <em>Gay<\/em> total.<\/div>\n<div class=\"Prrafo\">El paso del tiempo no hace favores a los equivocados. Negar la escalada como parte fundamental del alpinismo fue algo tan equivocado que ni siquiera amerita argumentarlo m\u00e1s. Es cosa de ver c\u00f3mo ha adquirido valor en s\u00ed e influido por transferencia al monta\u00f1ismo.<\/div>\n<div class=\"Prrafo\">Y ahora lo mismo pero con el esqu\u00ed.<\/div>\n<div class=\"Seccin\">Programaci\u00f3n radical<\/div>\n<div class=\"Prrafo\">Esquiar es dif\u00edcil.<\/div>\n<div class=\"Prrafo\">Que es precisamente LA raz\u00f3n por la cual se recomienda aprenderlo cuando se es ni\u00f1o. \u00bfDespu\u00e9s? Despu\u00e9s es un cacho. El cuerpo y la coordinaci\u00f3n neurosin\u00f3ptica (que viene del lat\u00edn &#8220;neuro&#8221; y del sanscrito &#8220;\u00f3ptica&#8221;, y que significa usar anteojos gay), se resiste a incorporar los por lo menos 20 diferentes gestos t\u00e9cnicos que se requieren para hacer bajar gr\u00e1cilmente por una pendiente a una vaca. O al Doctor Purto. El cuerpo hacia adelante, una ligera flexi\u00f3n aqu\u00ed, las canillas sintiendo las botas, secuencia 4 2 4 en los cantos, piernas al hombro, etc.<\/div>\n<div class=\"Prrafo\">Si les sirve de consuelo, el monta\u00f1ismo chileno no es el \u00fanico segmento espec\u00edfico que adolece del problema de no saber esquiar. En realidad, es una tara nacional. Pero si conversar de este tema con los monta\u00f1istas <em>gay<\/em> es dif\u00edcil, anda a hacerlo en otros estratos culturales. Es imposible. Porque ellos est\u00e1n con el cerebro ya programado para asociar el esqu\u00ed con los ricos y luego, concluyen torpemente, que cualquier cosa relacionado con ello solo redunda en enriquecer a los empresarios de la recontra ultra derecha que se come a los inmigrantes y se juntan los jueves en la noche a complotar contra el Gobierno y los funcionarios p\u00fablicos que usan chalecos rosa.<\/div>\n<div class=\"Prrafo\">Tan radicales y resentidos son, que les dan m\u00e1s valor a su supuesta consecuencia que a mejorar. Dicho de otra manera, prefieren condenarse a s\u00ed mismos a la mediocridad antes que, por ejemplo, llegar a pagar un t\u00edcket en un centro de esqu\u00ed.<\/div>\n<div class=\"Prrafo\">Pero esto no tiene nada que ver con los centros de esqu\u00ed, a quienes por si quieren saber detesto tambi\u00e9n. Esto es acerca de nosotros, nuestro potencial y de si queremos o no avanzar en nuestras vidas haciendo de cada d\u00eda una nueva oportunidad para aprender.<\/div>\n<div class=\"Seccin\">Flojera nacional<\/div>\n<div class=\"Prrafo\">Esquiar, en cualquiera de sus formas (bueno, quiz\u00e1s descartando al snowboardista, que es como el bulderista y el surfista juntos, pero mal vestido), es parte de la cultura de monta\u00f1a. Y cualquier pueblo que se precie o aspire a ser llamado as\u00ed, &#8220;de monta\u00f1a&#8221;, debe tenerlo incorporado. Eso significa amarlo, sentirlo, explorarlo.<\/div>\n<div class=\"Prrafo\">Sue\u00f1o con que alg\u00fan d\u00eda llegar\u00e1 enero y ver\u00e9 desfilar a centenares de compatriotas en los juegos ol\u00edmpicos de invierno. Y, qui\u00e9n sabe, alg\u00fan d\u00eda ganarlos. Lo cual comienza aqu\u00ed, hoy. Con nuestros hijos, con nuestros hermanos, con nosotros mismos.<\/div>\n<div class=\"Prrafo\">Las buenas noticias son que la tendencia es buena. Un porcentaje importante de los mejores alpinistas que han surgido en el \u00faltimo tiempo saben esquiar y se desenvuelven c\u00f3modamente en cualquier terreno. Bien, bravo por ellos.<\/div>\n<div class=\"Prrafo\">Pero para todos los otros pajeros flojos y complacientes que no saben, sus idiotas, aprendan y dejen de una vez por todas de ser&#8230; <em>gay<\/em>.<\/div>\n<div class=\"Firma\">El Anticristo<br \/>\n<a href=\"mailto:anticristo@aruficax.cl\">anticristo@aruficax.cl<\/a><\/div>\n<\/div>\n\n<!-- Facebook Like Button v1.9.6 BEGIN [http:\/\/blog.bottomlessinc.com] -->\n<iframe src=\"http:\/\/www.facebook.com\/plugins\/like.php?href=https%3A%2F%2Fwww.escalando.org%2Fanticristo%2Fflojos%2F&amp;layout=standard&amp;show_faces=true&amp;width=450&amp;action=like&amp;colorscheme=light\" scrolling=\"no\" frameborder=\"0\" allowTransparency=\"true\" style=\"border:none; overflow:hidden; width:450px; height: 100px; align: left; margin: 20px 0px 2px 0px\"><\/iframe>\n<!-- Facebook Like Button END -->\n","protected":false},"excerpt":{"rendered":"<p>De como las soluciones f\u00e1ciles no hacen mas que perpetuar las carencias y hacernos perder el tiempo.<\/p>\n","protected":false},"author":2,"featured_media":0,"comment_status":"open","ping_status":"closed","sticky":false,"template":"","format":"standard","meta":{"_et_pb_use_builder":"","_et_pb_old_content":"","_et_gb_content_width":"","_s2mail":"yes","footnotes":""},"categories":[3],"tags":[],"class_list":["post-732","post","type-post","status-publish","format-standard","hentry","category-articulospublicados"],"_links":{"self":[{"href":"https:\/\/www.escalando.org\/anticristo\/wp-json\/wp\/v2\/posts\/732","targetHints":{"allow":["GET"]}}],"collection":[{"href":"https:\/\/www.escalando.org\/anticristo\/wp-json\/wp\/v2\/posts"}],"about":[{"href":"https:\/\/www.escalando.org\/anticristo\/wp-json\/wp\/v2\/types\/post"}],"author":[{"embeddable":true,"href":"https:\/\/www.escalando.org\/anticristo\/wp-json\/wp\/v2\/users\/2"}],"replies":[{"embeddable":true,"href":"https:\/\/www.escalando.org\/anticristo\/wp-json\/wp\/v2\/comments?post=732"}],"version-history":[{"count":6,"href":"https:\/\/www.escalando.org\/anticristo\/wp-json\/wp\/v2\/posts\/732\/revisions"}],"predecessor-version":[{"id":1234,"href":"https:\/\/www.escalando.org\/anticristo\/wp-json\/wp\/v2\/posts\/732\/revisions\/1234"}],"wp:attachment":[{"href":"https:\/\/www.escalando.org\/anticristo\/wp-json\/wp\/v2\/media?parent=732"}],"wp:term":[{"taxonomy":"category","embeddable":true,"href":"https:\/\/www.escalando.org\/anticristo\/wp-json\/wp\/v2\/categories?post=732"},{"taxonomy":"post_tag","embeddable":true,"href":"https:\/\/www.escalando.org\/anticristo\/wp-json\/wp\/v2\/tags?post=732"}],"curies":[{"name":"wp","href":"https:\/\/api.w.org\/{rel}","templated":true}]}}