{"id":642,"date":"2014-03-04T14:04:11","date_gmt":"2014-03-04T18:04:11","guid":{"rendered":"http:\/\/www.escalando.org\/anticristo\/?p=642"},"modified":"2021-10-28T10:23:01","modified_gmt":"2021-10-28T14:23:01","slug":"temporada-baja-2013-dulce","status":"publish","type":"post","link":"https:\/\/www.escalando.org\/anticristo\/temporada-baja-2013-dulce\/","title":{"rendered":"Temporada baja 2013: dulce"},"content":{"rendered":"<div id=\"Contenido\">\n<div id=\"Fecha\">Marzo 2014<\/div>\n<div class=\"PrrafoPrimero\">Con retraso, lo admito, pero, ya saben, la informaci\u00f3n que se presenta aqu\u00ed no existe recopilada como tal en ninguna otra parte, luego, entonces, a estas alturas ya casi es un imperativo que sea de calidad. Adem\u00e1s que igual me tomaron 9 o 10 p\u00e1ginas tama\u00f1o carta hacerlo, a pesar de la impresi\u00f3n inicial que ten\u00eda yo, acerca de que no hab\u00edan pasado muchas cosas esta \u00faltima temporada.<\/div>\n<div class=\"Prrafo\">Con respecto a las reglas, se las recuerdo. Se trata de las actividades realizadas entre abril y septiembre del 2013 inclusive, que representen alg\u00fan grado de aporte deportivo al monta\u00f1ismo y que fueron realizadas por chilenos, o extranjeros residentes, en cualquier parte del mundo.<\/div>\n<div class=\"Prrafo\">Antes de partir, recordar que este recuento, as\u00ed como el que le antecede referido a los accidentes, fue realizado gracias a la ayuda de Marco Poblete, Gunther Hiche, Vasco Garc\u00eda, Gabriel Toledo, Diego Astroza, Manuel Medina, Tamara Mu\u00f1oz, Mar\u00eda Fajardo, Michael S\u00e1nchez, Jimmy Mora, In\u00e9s Dusaillant, Sergio R\u00edos, Alexis Fa\u00fandez, Sergio Infante, Camilo Rada, Jorge Batarce, Francisco Rojas, Gast\u00f3n Ocares, Sebasti\u00e1n Rojas, Pablo Miranda, B\u00e1rbara Meneses y Claudia Astudillo.<\/div>\n<div class=\"Prrafo\">Comencemos entonces.<\/div>\n<div class=\"Seccin\">Estiloso el cabro<\/div>\n<div class=\"Prrafo\">Es tiempo ya de reconocer la labor que Marco Poblete ha realizado sistem\u00e1ticamente en las monta\u00f1as de los alrededores de Coyhaique. No hay temporada que pase sin tener tres o cuatro actividades de buen nivel. Un trabajo enfocado en el descubrimiento y la dificultad alpina, desarrollando algo que una parte importante de los buenos escaladores chilenos no tiene: estilo. Ch\u00fapate esa.<\/div>\n<div class=\"Prrafo\">Ahora, con diferentes compa\u00f1eros, primero hizo un intento en junio por abrir una ruta nueva al Pico Triangular Sur (2.500 metros) en el sector Zeballos, al sur de Los Antiguos. M\u00e1s tarde escal\u00f3 una cumbre en un macizo innominado en el sector Pedregoso, al norte de Villa Ma\u00f1ihuales, que result\u00f3 medir 1.600 metros de altitud. No se preocupen, yo tampoco tengo idea de qu\u00e9 estamos hablando. Y luego, en lo que deber\u00eda ser la guinda de la torta, la crema del caf\u00e9 o la \u00faltima de la noche, se aboc\u00f3 al intento de un primer ascenso a una monta\u00f1a inescalada, en la zona del ya mencionado Picacho. Adem\u00e1s, en invierno.<\/div>\n<div class=\"Prrafo\">Junto a Camilo Hornauer, partieron el 13 de septiembre para acampar justo al lado de la Carretera Austral, a 330 metros de altitud. Al d\u00eda siguiente subieron por colinas resbalosas, llenas de vegetaci\u00f3n molesta, hasta entrar a un canal\u00f3n de nieve dura que termin\u00f3 en el punto m\u00e1s alto de un espol\u00f3n, donde, tras 6 horas de ascenso y a cota 1.200, hicieron su primer vivac.<\/div>\n<div class=\"Prrafo\">A las 5 de la ma\u00f1ana continuaron. Pasadas expuestas sobre roca, pendientes de nieve dura y, a las 8:30, ya con luz y experimentando 7 grados bajo cero, montaron la primera reuni\u00f3n. Vendr\u00edan 230 metros de escalada en hielo y nieve, con pendientes de hasta 60 grados. De la vertiente oeste salieron a las 11 AM, para ir a dar al collado que existe entre las dos cumbres de esta monta\u00f1a. Obviamente optaron por la m\u00e1s alta, la Norte, a la cual llegaron 45 minutos m\u00e1s tarde. Un par de santiamenes sobre ella y listo. A tratar de resolver los 1.500 metros que les quedaban a\u00fan por bajar hasta el camino.<\/div>\n<div class=\"Prrafo\">Para ello, lo que siempre me da flojera redactar. Hicieron rapeles, desescaladas, destrepes y caminata. De regreso en la Carretera Austral misma estuvieron a las 21:00 horas.<\/div>\n<div class=\"Prrafo\">Ser\u00eda entonces el primer ascenso de un cerro que mostr\u00f3 una altitud de 1.830 metros, v\u00eda una ruta que recorre su Pared Oeste, con dificultades reportadas de AD\/60\u00ba.<\/div>\n<div class=\"Prrafo\">Lo bautizaron como &#8220;La Zaranda&#8221;, atendiendo a la denominaci\u00f3n que tiene el sector y tambi\u00e9n al nombre de una laguna hom\u00f3nima ubicada en su base. A lo cual ustedes, como ya se han empezado a dar cuenta desde cierto tiempo atr\u00e1s, lo encuentro no precisamente afortunado. Podr\u00edan por \u00faltimo haberle agregado una X en alguna parte para darle algo m\u00e1s de car\u00e1cter y menos de nombre de zapato.<\/div>\n<div class=\"Prrafo\">Pero bueno, igual bueno y lo bueno no abunda.<\/div>\n<div class=\"Seccin\">A contraraju<\/div>\n<div class=\"Prrafo\">Esto es poco frecuente. Ambiciones chilenas en Per\u00fa. \u00bfPor qu\u00e9? Porque en las cordilleras de este pa\u00eds el nivel es exigente y quienes apuestan alto arriesgan tragar talco.<\/div>\n<div class=\"Prrafo\">Algo que sab\u00edan muy bien Jimmy Mora y Francisco Rojas cuando, en julio del 2013, dirigieron sus pasos a Cordillera Blanca para intentar el Taulliraju. Monta\u00f1a dif\u00edcil, est\u00e9tica y que en los momentos en que estos ya no tan muchachos se dirig\u00edan a sus flancos, todav\u00eda no contaba con ascensos nacionales.<\/div>\n<div class=\"Prrafo\">Sin embargo el reporte meteorol\u00f3gico con que se toparon no se ve\u00eda muy prometedor. Solo se movieron, y r\u00e1pido, cuando vislumbraron una ventana de buen tiempo que, cuando fuera a llegar, durar\u00eda 2 d\u00edas.<\/div>\n<div class=\"Prrafo\">As\u00ed fue como el 8 de julio arribaron a Taullipampa, el sitio usado como campamento base (a 4.200 m). Originalmente quer\u00edan probar la Ruta Italiana, aquella que recorre el Filo Noroeste, pero como estaba demasiado acornizado, optaron por hacerlo v\u00eda el Contrafuerte Sur. \u00c9ste es un torre\u00f3n que se desprende de la pir\u00e1mide somital del Taulliraju y cuya escalada misma requiere cubrir 600 metros de dificultad 70\/85\u00ba, AI4+ y M5. S\u00e1cate una sigla.<\/div>\n<div class=\"Prrafo\">Se dieron dos d\u00edas para aclimatarse y luego, de ah\u00ed, establecieron un vivac al pie del glaciar, a 4.800 metros de altitud, desde donde intentar\u00edan la escalada.<\/div>\n<div class=\"Prrafo\">La jornada en cuesti\u00f3n, el 12 de julio, salieron temprano y cruzaron el glaciar. A las 11 ya estaban en una rampa de nieve que los dej\u00f3 en la pared propiamente tal. Despu\u00e9s la sinfon\u00eda t\u00e9cnica, aburrida de escribir, emocionante de vivir. Terreno vertical en hielo delgado, nieve inconsistente, roca y hielos mixtos&#8230; 8 largos m\u00e1s apretados que ni\u00f1a de 15. Para terminar en una peque\u00f1a terraza donde instalaron su vivac, a 5.200 metros.<\/div>\n<div class=\"Prrafo\">Llegaron mojados, lo cual los hizo pasar una noche penca. \u00bfPara qu\u00e9 usar otra palabra? Y para m\u00e1s remate, en la ma\u00f1ana, encontraron que el anclaje del cual colgaban estaba literalmente dentro de un cubo de hielo macizo. Ni les cuento lo que les tom\u00f3 sacarlos. Pero cuando pudieron, salieron como misil, recorrieron 150 metros de largos mixtos y terreno f\u00e1cil para llegar a la cima del Contrafuerte, a 5.400 metros.<\/div>\n<div class=\"Prrafo\">\u00bfY aqu\u00ed? \u00bfQu\u00e9?<\/div>\n<div class=\"Prrafo\">Pues, en teor\u00eda, para hacer cumbre, todav\u00eda ten\u00edan que bajar un poco, luego, subir, abrir huella&#8230; En fin, \u00a1pelearla!, lo que significaba m\u00e1s d\u00edas. Que no ten\u00edan pues el mal tiempo deb\u00eda ven\u00edrseles encima pronto. Mejor dejarlo hasta ah\u00ed no m\u00e1s.<\/div>\n<div class=\"Prrafo\">Bajaron hasta el vivac y optaron por no arriesgar un descenso inmediatamente porque la roca era sellada y el hielo delgado. Mejor hacerlo con luz, lo que hicieron al d\u00eda siguiente en la forma de 10 rapeles. En definitiva, el 14 de julio estuvieron de regreso en su campamento justo antes que comenzara el mal tiempo. Jabonaos daos.<\/div>\n<div class=\"Prrafo\">Pero tal alegr\u00eda se esfum\u00f3 m\u00e1s r\u00e1pido que lanza urgido, pues descubrieron que les hab\u00edan robado el equipo, lo cual sumado a que el tiempo no mejoraba, les hizo desistir de un segundo intento.<\/div>\n<div class=\"Prrafo\">\u00bfY el Taulliraju? Bien gracias. Todav\u00eda esperando por el primer ascenso chileno.<\/div>\n<div class=\"Seccin\">A Duraznos, Durazno y medio<\/div>\n<div class=\"Prrafo\">\u00c9rase una vez dos chilenos que hab\u00edan intentado realizar el primer ascenso al Torre por la v\u00eda Ferrari. \u00bfRecuerdan? \u00bfSebasti\u00e1n Rojas y Crist\u00f3bal Se\u00f1oret? Llegaron bien arriba, en febrero del 2012.<\/div>\n<div class=\"Prrafo\">Ahora quer\u00edan hincarle el diente de nuevo, pero en invierno y contando con la participaci\u00f3n de otro gran conocido nuestro, Nicol\u00e1s Guti\u00e9rrez, quien ya hab\u00eda subido el Torre hace cinco a\u00f1os junto a Jos\u00e9 Edwards, pero por la Maestri.<\/div>\n<div class=\"Prrafo\">A los muchachos, conociendo perfectamente las dificultades que iban a encontrar en Patagonia, no se les ocurri\u00f3 nada mejor que, como parte del entrenamiento, intentar realizar en el d\u00eda desde Ba\u00f1os Morales una nueva ruta al cerro El Morado.<\/div>\n<div class=\"Prrafo\">Comenzaron a las 10 PM del viernes 12 de julio. Usando randon\u00e9s, realizaron la aproximaci\u00f3n durante la noche y, a las 8:30 de la ma\u00f1ana, ya estaban en la base de la Pared Sur del Morado. Sin embargo, no era por aqu\u00ed donde se metieron, sino que siguieron hacia el col que se forma entre \u00e9ste y el San Francisco, m\u00e1s bien apuntando a la arista suroeste.<\/div>\n<div class=\"Prrafo\">A mediod\u00eda se sacaron los esqu\u00eds y pasaron a modalidad escalada. Y comenz\u00f3 el partido. Buscando la l\u00ednea m\u00e1s obvia, hacia el oeste, fueron sumando metros y tratando de cubrir la mayor parte del terreno en simult\u00e1neo. Solo en un par de largos se aseguraron, accediendo a la cumbre en alg\u00fan momento de la tarde por un canal\u00f3n, terminando as\u00ed una ruta de 600 metros de largo, con dificultades m\u00e1ximas de V\/6a. Por supuesto, en roca mala.<\/div>\n<div class=\"Prrafo\">Pero no estuvieron mucho rato contemplando la vida, pues ten\u00edan harto terreno que desandar y la luz se iba, se iba, se iiiiiiiiiiiiba. Por eso sacaron un par de fotos y listo, para abajo. Desescalando todo, excepto dos partes en que hicieron sendos rapeles de 60 metros. En Ba\u00f1os Morales estuvieron a las 8 de la noche, v\u00eda un glaciar con el cual igual tuvieron cuidado.<\/div>\n<div class=\"Prrafo\">De ah\u00ed, bien contentos se fueron al Torre. En Chalt\u00e9n estuvieron el 20 de julio, con la log\u00edstica necesaria para la estad\u00eda de un mes.<\/div>\n<div class=\"Prrafo\">Cuatro d\u00edas despu\u00e9s, partieron en esqu\u00eds hacia el glaciar Marconi. El intento propiamente tal lo comenzaron desde el Circo de los Altares, pero la aproximaci\u00f3n se rebel\u00f3 cansadora y los d\u00eda eran cortos. Lo que explica porque, cuando llegaron hasta la base del headwall, despu\u00e9s de los largos de mixto, optaron por retirarse. Sin cocinilla ni sacos de dormir, no era sensato tratar de aguantar la g\u00e9lida noche invernal.<\/div>\n<div class=\"Prrafo\">No habr\u00eda m\u00e1s intentos y se retirar\u00edan del cerro tras 12 d\u00edas.<\/div>\n<div class=\"Seccin\">Tercer para tres<\/div>\n<div class=\"Prrafo\">Un poco m\u00e1s al norte&#8230; el Corcovado.<\/div>\n<div class=\"Prrafo\">No me refiero al de Brasil, idiotas, sino que al que se encuentra en las cercan\u00edas de Chait\u00e9n y que se ve impresionante cuando se navega por los Canales del Sur.<\/div>\n<div class=\"Prrafo\">Pertenece a esa categor\u00eda de cerros donde tambi\u00e9n est\u00e1 el Puntiagudo, el Campanario o el cerro Santa Luc\u00eda, los cuales, a pesar de tener historia que contar, la mayor parte de la gente las desconoce. Y cuando se les pregunta directamente, en lugar de admitir ignorancia, responden que &#8220;supe de un gringo que alguna vez fue y se mat\u00f3&#8230; pero te juro que tengo el dato anotado&#8230; te llamo y te cuento&#8221;. Un gringo; siempre es un gringo.<\/div>\n<div class=\"Prrafo\">En el caso del Corcovado, hasta el 2013 s\u00f3lo contaba con dos ascensos, uno hecho en 1945 por Engels, Kress y Gasch, germano-alemanes provenientes de Osorno, y Douglas Tompkins, s\u00ed, \u00e9l, llegando en solitario a la cima, pero previamente acompa\u00f1ado hasta la base del torre\u00f3n final por el chileno Carlos Alvarado.<\/div>\n<div class=\"Prrafo\">O sea, efectivamente, puros gringos.<\/div>\n<div class=\"Prrafo\">Esta fue la situaci\u00f3n que se encontraron Ignacio Vergara, Armando Montero y Sergio Infante, acompa\u00f1ados por Vicente Montero, cuando se dirigieron a la zona para tentar su ascenso. Por si no lo recuerdan, Vergara fue el chileno que subi\u00f3 en enero del 2013 el Fitz Roy; y si han estado leyendo estos recuentos desde hace alg\u00fan tiempo, el nombre de Montero no deber\u00eda serles desconocido tampoco, por la fruct\u00edfera actividad que ha efectuado en los alrededores de Coihaique, realizando entre otras cosas el tercer ascenso y primero nacional al Palo (a fines del 2012, junto al mismo Vergara).<\/div>\n<div class=\"Prrafo\">El recorrido que tomaron fue bastante parecido al de sus predecesores. Zarparon de Chait\u00e9n el 27 de septiembre, llegaron a la desembocadura de un r\u00edo, el Morrillo, siguieron su cauce, se internaron en el bosque y, tras abrirse paso con el m\u00e9todo todo-vale, incluso morder, alcanzaron la cota donde la vegetaci\u00f3n afloja (800 metros) y establecieron un campamento, lugar hasta donde llegar\u00eda Vicente Montero.<\/div>\n<div class=\"Prrafo\">El esfuerzo final lo hicieron al d\u00eda siguiente. Siguieron el Filo Noroeste hasta el torre\u00f3n de hielo somital, se movieron a la Cara Oeste, luego escalada en hielo, antecumbre, un filo y, ta-da, la cima. A las 18:30 horas.<\/div>\n<div class=\"Prrafo\">Buena. Muy buena.<\/div>\n<div class=\"Seccin\">Helado equivocado<\/div>\n<div class=\"Prrafo\">El intento reci\u00e9n descrito m\u00e1s arriba, al Torre, no fue la \u00fanica actividad invernal de chilenos en la Patagonia argentina. Otro par de j\u00f3venes tambi\u00e9n tuvieron aspiraciones grandes.<br \/>\nHablo de Michael S\u00e1nchez y Jos\u00e9 Dattoli, que se fueron a Chalt\u00e9n con la mirada puesta en el Fitz Roy por la Supercanaleta, en invierno; algo que, por partida doble, jam\u00e1s ha sido realizado por chileno alguno.<\/div>\n<div class=\"Prrafo\">El 20 de agosto fue la fecha en que le hicieron el intento, pero este se frustr\u00f3 debido a la cantidad de nieve ca\u00edda, las bajas temperaturas y el mal tiempo. O sea, s\u00e1cate una. Pero, tratando de no perder oportunidad, se fueron para la Guilloumet, a probar la Amy, a la cual le hicieron un peque que comenz\u00f3, como es la costumbre, de noche.<\/div>\n<div class=\"Prrafo\">Primero subieron sin asegurarse 250 metros, azotados brutalmente por una baj\u00edsima sensaci\u00f3n t\u00e9rmica. Pronto pasaron a escalar largo a largo, nunca las dificultades calzando con lo esperado. Tras sufrimiento masoquista around the world llegaron al final del canal\u00f3n en el cual estaban, donde fueron barridos por el viento. No. Decir barridos es poco. Digamos mejor tifoneados, de la palabra tif\u00f3n, que es como un tufo, pero grande.<\/div>\n<div class=\"Prrafo\">Continuar era mala idea. El fr\u00edo no hac\u00eda m\u00e1s que machacar y la noche se ven\u00eda encima. As\u00ed es que se bajaron. Seis rapeles del terror, con los mosquetones y los dedos peg\u00e1ndose&#8230; Mas, de una manera u otra, llegaron a la carpa y sobrevivir\u00edan.<\/div>\n<div class=\"Prrafo\">Lamentablemente, con el transcurso de los d\u00edas y semanas, se ir\u00edan constatando congelaciones de diversa consideraci\u00f3n en pr\u00e1cticamente todos los 40 dedos que esta cordada ten\u00eda; pero como esto ya lo report\u00e9 antes no es necesario insistir.<\/div>\n<div class=\"Prrafo\">Ah, s\u00ed. Dato para la causa. La raz\u00f3n por la cual las dificultades que encontraron no eran las esperadas, era porque se hab\u00edan metido en otra ruta, la Guillot, que queda un poco antes que la Amy en la serie de l\u00edneas que se dibujan en la vertiente este de la Guilloumet.<\/div>\n<div class=\"Seccin\">El mismo salame<\/div>\n<div class=\"Prrafo\">Si todav\u00eda no tienen el cerebro anquilosado por las drogas, o porque insisten en fumarse el t\u00e9 por la falta de monedas, recordar\u00e1n que el a\u00f1o pasado un grupo de chilenos se embarc\u00f3 en el largo y ambicioso proyecto de realizar el Leopardo de las Nieves. Es decir, el ascenso de las cinco monta\u00f1as de m\u00e1s de 7.000 metros localizadas en el territorio de la otrora URSS. Que, como dije entonces, no significa una rusia sin sost\u00e9n, sino que un rato sin sexo.<\/div>\n<div class=\"Prrafo\">El a\u00f1o pasado hab\u00edan logrado el primer ascenso nacional del Ibn Sina, de 7.134 metros (ex Lenin, \u00faltima vez que lo digo) y ahora ten\u00edan en mente algo bastante m\u00e1s ambicioso: subir dos Leopardos de una, dado que comparten campamento base: el Korzenevzkaya (7.105 m) y el Ismail Solomi, de 7.495 metros y ex pico Comunismo (suena extra\u00f1o eso).<\/div>\n<div class=\"Prrafo\">De los que hab\u00edan hecho cumbre el a\u00f1o anterior en el Ibn Sina, esta vez no participar\u00eda Tamara Mu\u00f1oz, pero se les sumar\u00eda Crist\u00f3bal Cattan, para terminar de conformar as\u00ed un grupo de 4 personas.<\/div>\n<div class=\"Prrafo\">Y se fueron. \u00bfAd\u00f3nde? A Taijiquist\u00e1n, sus ignorantes. \u00bfY d\u00f3nde es eso? Ni idea. Pero que se fueron, se fueron.<\/div>\n<div class=\"Prrafo\">Tras una parada en Madrid, el 25 de julio llegaron a Dushamb\u00e9. Dos d\u00edas despu\u00e9s estuvieron ya instalados en el Base, a 4.200 metros de altitud, tras ser transportado en helic\u00f3ptero.<\/div>\n<div class=\"Prrafo\">El dilema que ten\u00edan acerca de cu\u00e1l monta\u00f1a enfrentar primero, en realidad no fue dilema. Prefirieron partir por el Korzenevzkaya, pues el Ismail Solomi es m\u00e1s alto, tiene unos pasos delicados con peligro de ca\u00edda de seracs (lo que exige pasar r\u00e1pido, o sea, aclimatados) y, adem\u00e1s, ya contaba con una ascensi\u00f3n chilena previa (la ahora m\u00edtica expedici\u00f3n liderada por Claudio G\u00e1lvez d\u00e9cadas atr\u00e1s y que lo puso a \u00e9l en la cumbre junto a Sergio Cant\u00edn, Cecilia Castillo y Sergio Z\u00e1rate).<\/div>\n<div class=\"Prrafo\">Tratando de hacer caso omiso a las diarreas que azotaban al grupo, comenz\u00f3 el mambo vertical, para diferenciarlo del horizontal. El 30 de julio un primer porteo al Campo I (5.100 m) y el 5 de agosto partieron a dormir a \u00e9l, con la idea de no bajarse m\u00e1s hasta intentar cumbre. As\u00ed es que el 7 de agosto portearon al Campo II (5.700 m), el 9 se instalaron ah\u00ed, el 10 hicieron un porteo al III y \u00faltimo (a 6.100 m), luego lo ocuparon y justo ah\u00ed, bang, tormenta total infinita.<\/div>\n<div class=\"Prrafo\">A\u00fan as\u00ed, igual el grupo sali\u00f3 a intentar cumbre, pero encontraron mucha nieve y en algunos tramos el filo, expuesto, gatillaba avalanchas. Cuando ya estaban a 6.500 metros prefirieron bajarse, lo que hicieron ordenadamente no sin antes dejar una carpa en el Campo III, pues pensaban regresar.<\/div>\n<div class=\"Prrafo\">Pero, alrededor del 16 de agosto, cuando estuvieron todos en el Base, era obvio que el clima no daba tregua y as\u00ed tampoco se pod\u00eda tratar el Ismail Solomi. No les quedaba tiempo. Y se retiraron.<\/div>\n<div class=\"Prrafo\">El hecho de no haber subido estas dos monta\u00f1as claramente pone las cosas m\u00e1s dif\u00edciles para estos muchachos. Quienes al momento de redactar estas l\u00edneas ven con qu\u00e9 alternativas cuentan para no retrasar el cumplimiento de su proyecto. Dicho eso, en principio, este a\u00f1o intentar\u00edan el Korzenevzkaya de nuevo y el 2015 el Khan Tengri, ninguno de los cuales cuentan con ascensos nacionales a la fecha.<\/div>\n<div class=\"Seccin\">Zarmiento<\/div>\n<div class=\"Prrafo\">Y ahora es el momento de hablar de Camilo Rada. S\u00ed. De nuevo. \u00c9l. Claramente pasando por un gran momento. Como que todo lo que tocara se convirtiese en oro.<\/div>\n<div class=\"Prrafo\">Tras la impresionante seguidilla de \u00e9xitos que ha tenido en los \u00faltimos a\u00f1os, se ha embolsado, y s\u00f3lo por citar algunos, el Baruntse, la Afanasieff al Fitz Roy y el Paine Grande en invierno. As\u00ed, con las espaldas anchas, se anim\u00f3 creo yo al otro gran famoso patag\u00f3nico de hielo al cual le ten\u00eda ganas: el Sarmiento. Una monta\u00f1a de clima terrible, salvaje y orgullosa.<\/div>\n<div class=\"Prrafo\">Blondie dec\u00eda que hay dos tipos de hombres: aquellos que tienen la pistola cargada&#8230; y los que cavan. Entonces, yo digo que los monta\u00f1istas se separan en dos: quienes conocen la historia del Sarmiento&#8230; y los imb\u00e9ciles.<\/div>\n<div class=\"Prrafo\">El Sarmiento es importante. Y aunque podr\u00eda pensarse que ha perdido relevancia medi\u00e1tica, debido a que cada cierto tiempo se saben de ascensos, en realidad \u00e9stos \u00faltimos son a la Cumbre Oeste, no la principal. Una que s\u00f3lo hab\u00eda sido escalada previamente en una ocasi\u00f3n de una forma tan afortunadamente suertuda, que incluso hay quienes plantean sus dudas. Me refiero a Mauri y Maffei, en 1956, en una expedici\u00f3n liderada por un Agostini que ya ten\u00eda 73 a\u00f1os y que intentaba la monta\u00f1a por tercera vez.<\/div>\n<div class=\"Prrafo\">La log\u00edstica era parte del problema a solucionar, pero esta vez Rada se las tuvo m\u00e1s simple al estar su intento inserto en un esfuerzo multidisciplinario llamado CORDARWIN.13, de lo cual no me explayo m\u00e1s ahora porque estoy atrasado para irme a un matrimonio. Pero bueno, de una u otra manera, Rada, junto a la argentina Natalia Mart\u00ednez y la chilena In\u00e9s Dusaillant fueron desembarcados el 19 de agosto en lo que ser\u00eda su campamento base, con provisiones para un mes.<\/div>\n<div class=\"Prrafo\">No m\u00e1s llegar, Rada et al tuvieron que moverse a marchas forzadas, pues la suerte es de los suertudos: el reporte meteorol\u00f3gico avisaba que ven\u00eda un d\u00eda bueno, el 23. O sea 4 d\u00edas en su futuro. Muy pronto, demasiado pronto, felizmente pronto.<\/div>\n<div class=\"Prrafo\">El 20 portearon, el 21 otro viaje y a dormir bajo fuerte viento, en una cueva est\u00e1ndar COPEVA. El 22 alcanzaron el Collado Norte, a 2.200 metros, y pudieron dormir en \u00e9l en un clima que definitivamente mejoraba. Incluso se despej\u00f3. Pero como no ten\u00edan el equipo de escalada con ellos, dejado en la cueva donde hab\u00edan pernoctado el d\u00eda anterior, no ten\u00edan c\u00f3mo aprovechar el d\u00eda 23, que era el bueno.<\/div>\n<div class=\"Prrafo\">Pero&#8230; la suerte es de los suertudos. Result\u00f3 ser que el pron\u00f3stico del tiempo hab\u00eda sido actualizado, y avisaba que el 24 tambi\u00e9n iba a estar bueno, por lo que los expedicionarios pudieron bajar a buscar las cosas y regresar a tiempo al Collado Norte para dormir. Y, ah\u00ed s\u00ed, finalmente a tiro de ca\u00f1\u00f3n para tener su oportunidad de escalar el Sarmiento. Esfuerzo del cual no participar\u00eda Dusaillant, quien se quedar\u00eda a esperarlos en dicho sitio.<\/div>\n<div class=\"Prrafo\">Mart\u00ednez y Rada partir\u00edan un poco antes de las 4 de la ma\u00f1ana. La aproximaci\u00f3n la hicieron en esqu\u00eds, la rimaya de entrada fue un problema, resuelta en artificial y, de ah\u00ed, el regalo: una l\u00ednea directa, hermosa y de buen hielo, por una especie de canal\u00f3n, que parec\u00eda llevarlos al cielo.<\/div>\n<div class=\"Prrafo\">La v\u00eda la siguieron religiosamente por todo lo que quedaba del d\u00eda, siendo lo \u00fanico preocupante el hecho que no sab\u00edan si tal ruta sal\u00eda arriba, evitando los enormes hongos somitales. S\u00ed que lo intu\u00edan, pues hab\u00edan tenido la precauci\u00f3n de documentarse con fotograf\u00edas a\u00e9reas ANTES de meterse al cerro. O sea, el cabrito hizo su pega, boys. No como todos los cabezas de m\u00fasculos kojakeros que siguen jur\u00e1ndose extremos porque hacen buldel.<\/div>\n<div class=\"Prrafo\">\u00bfEn qu\u00e9 iba? Ah, s\u00ed. Lograron salir del canal\u00f3n, evitaron los hongos, surfearon la nieve honda, subieron cuanta cosa se les puso por delante y, de noche, a las 22:45 horas, hicieron cumbre en el monte Sarmiento.<\/div>\n<div class=\"Prrafo\">Como es ruta nueva, una directa por la cara norte, la llamaron \u00bfSarandeando Sarmiento? No. Suerte de Sarmiento (400 m, D+).<\/div>\n<div class=\"Prrafo\">\u00bfEl regreso? Ah, s\u00ed. Rapeles. Muchos. Una estaca por aqu\u00ed, abalakovs por ac\u00e1, un nudo que se les olvid\u00f3 sacar, vuelta a escalar el largo, perdieron el gancho para hacer los puentes de hielo, dejaron tornillos, un descendedor que se cay\u00f3, Rada que se tir\u00f3 un peo&#8230; O sea, todo pasando.<\/div>\n<div class=\"Prrafo\">No hay tragedia ni olor que dure mil a\u00f1os. Con luz de d\u00eda ya, y cielo nublado, llegaron indemnes de vuelta al campamento del Collado Norte.<\/div>\n<div class=\"Prrafo\">Gran ascenso, nada m\u00e1s que decir.<\/div>\n<div class=\"Prrafo\">Salvo acotar que el esfuerzo de Rada cont\u00f3 con una ayuda que ser\u00eda bueno mencionar. Ante de su llegada, un equipo de avanzada, conformado por Cristian Donoso, Mario Sep\u00falveda y Uber Quirilao, hab\u00edan explorado el terreno, incluso llegando hasta el famoso collado. Tambi\u00e9n ellos se dieron la ma\u00f1a de hacer un intento, pero a la Cumbre Oeste, el cual desgraciadamente se vio frustrado por el mal tiempo.<\/div>\n<div class=\"Seccin\">Voy y vuelvo<\/div>\n<div class=\"Prrafo\">De regreso de Per\u00fa, y la escalada del Contrafuerte Sur del Taulliraju, Jimmy Mora sent\u00eda que ya estaba preparado para otra cosa que ten\u00eda en mente desde hac\u00eda tiempo: la Pared Sur del Falso Altar (4.549 m). Por el Canal\u00f3n Buracchio, en solitario, estilo alpino y, adem\u00e1s, non-stop.<\/div>\n<div class=\"Prrafo\">La historia de esta pared no es evidente, puesto que no son claros los detalles de escaladas previas. Especialmente que varios esfuerzos se retiraron bien abajo, argumentando que lo hab\u00edan hecho as\u00ed porque hab\u00edan llegado hasta el &#8220;fin de las dificultades t\u00e9cnicas&#8221;. S\u00ed claro. Adem\u00e1s que cuesta recopilar los buenos ascensos, con cumbre incluida, de esos j\u00f3venes ambiciosos e irreverentes que hoy son m\u00e1s frecuentes que hongos en los pies. Quienes, como no est\u00e1n ni ah\u00ed en decir qu\u00e9 cosas hacen, cuesta que yo les siga la pista.<\/div>\n<div class=\"Prrafo\">Puesto el parche ante la herida, d\u00e9jenme decir que entonces, seg\u00fan mis antecedentes, lo que se planteaba Mora nunca antes hab\u00eda sido realizado.<\/div>\n<div class=\"Prrafo\">\u00bfY c\u00f3mo le fue? Veamos.<\/div>\n<div class=\"Prrafo\">Parti\u00f3 a las 19:00 horas del 28 de septiembre desde el estacionamiento de Villa Paulina, llevando una cocinilla, 40 metros de cuerda de 8 mm, 3 tornillos, empotradores y algunos friends. Camin\u00f3 cuatro horas y vino un descanso. Retom\u00f3 la marcha a las 2 de la ma\u00f1ana por otras cuatro horas m\u00e1s y vuelta a descansar. La escalada la inici\u00f3 a las 8 AM por un canal\u00f3n de nieve; luego una montada en roca con vergl\u00e1s y pendientes moderadas, cascada de hielo en free solo, m\u00e1s corredores de nieve por aqu\u00ed, un error por all\u00e1, la segunda cascada, canal\u00f3n parado que abrazo a tu cintura, m\u00e1s roca, blah, blah, blah&#8230; A las 5 PM en la cumbre.<\/div>\n<div class=\"Prrafo\">El descenso lo hizo por la cara norte del Falso Altar, para conectarse al circo que \u00e9ste forma con el Altar y La Paloma. De ah\u00ed, caminata toda la noche, aunque se tir\u00f3 al suelo a dormir por un par de horas a la altura de las Cascadas. Al auto lleg\u00f3 a las 5 de la ma\u00f1ana del lunes.<\/div>\n<div class=\"Seccin\">Molido<\/div>\n<div class=\"Prrafo\">Y para terminar, dos actividades m\u00e1s que se iban quedando en el tintero. Medio apurado porque todav\u00eda tengo que ponerme la camisa que ni siquiera escog\u00ed yo.<\/div>\n<div class=\"Prrafo\">Primero, que en abril del 2013, Jos\u00e9 Rosen y Nicol\u00e1s Matus abrieron una nueva v\u00eda al cerro Gloria, el de la Quinta Regi\u00f3n, una que sigue la Arista Sur, en roca mala, a la cual denominaron \u201cPsycho Killer\u201d.<\/div>\n<div class=\"Prrafo\">Segundo, que Pablo Miranda y Manuel Medina escalaron la v\u00eda &#8220;Scandinavian Direct&#8221; al Ranrapalca (6.162 m), una ruta de 900 metros de largo y que presenta una dificultad global de MD+. El Ranrapalca es otra monta\u00f1a de dif\u00edcil cocci\u00f3n para m\u00ed porque varios de los ascensos por parte de chilenos, si no es que todos, han sido sin cumbre. Porque se trata de una cima que pareciera ser un punto un poco sin importancia ubicado en la meseta somital, a trasmano de las v\u00edas m\u00e1s t\u00e9cnicas&#8230;<\/div>\n<div class=\"Prrafo\">Y fin. Basta. Me aburr\u00ed.<\/div>\n<div class=\"Seccin\">Sal\u00f3n de la Fama<\/div>\n<div class=\"Prrafo\">Llego a ver doble de tanto escribir y leer estos recuentos&#8230;<\/div>\n<div class=\"Prrafo\">Br\u00fajula de Uranio por Mejor Expedici\u00f3n, para&#8230; nadie. Desierto. Las dos actividades de Patagonia no cumpl\u00edan bien el requisito del &#8220;Per\u00edodo&#8221; de la PAPA, adem\u00e1s que no tuvieron \u00e9xito, lo cual tambi\u00e9n dej\u00f3 fuera de carrera al Korzenevzkaya. Y CORDARWIN.13 no es monta\u00f1ismo. Y aqu\u00ed premiamos eso: el deporte del alpinismo y la aventura que representa, ojal\u00e1 en su m\u00e1s pura expresi\u00f3n. O sea, la cosa real. Nada de ciencia, televisi\u00f3n, negocios, far\u00e1ndula, bulder o surf.<\/div>\n<div class=\"Prrafo\">El Mejor Ascenso T\u00e9cnico, es decir, Jeringa de Plutonio, va para Natalia Mart\u00ednez y Camilo Rada por su ascenso al Sarmiento. Se les recuerda que este galard\u00f3n va dirigido a quienes hacen un uso depurado e innovador de la t\u00e9cnica, los procedimientos o la estrategia. Normalmente implica escalar m\u00e1s, pero no necesariamente, pues a veces basta tener una mirada fresca para convertirse en un aporte, ya que desbancan viejos mitos y establecen nuevos est\u00e1ndares. En el caso de estos muchachos, no s\u00f3lo probaron con el ejemplo la conveniencia de utilizar el invierno como un aliado (y no un problema), sino que adem\u00e1s hicieron un uso extensivo de la escalada en hielo, utilizaron esqu\u00eds, la gran pifia del escalador nacional, y, atenci\u00f3n, hicieron un uso inteligente y extensivo de la tecnolog\u00eda, en la forma de im\u00e1genes a\u00e9reas, fotograf\u00eda satelital e informes meteorol\u00f3gicos. Herramientas que muchos desprecian pero que son \u00e9ticamente v\u00e1lidas y que sin las cuales no habr\u00eda habido un ascenso al Sarmiento.<\/div>\n<div class=\"Prrafo\">\u00bfEl mejor deportista? \u00bfAjo de Molibdeno? Desierto. Para mi exigente gusto hab\u00eda dos posibles: uno, era evidentemente Camilo Rada; el otro, Jimmy Mora. Pero recuerden que el premio es exigente y requiere que haya un trabajo sistem\u00e1tico durante toda la temporada. Ojal\u00e1 abarcando la mayor cantidad de expresi\u00f3n deportiva posible. Y el ascenso al Sarmiento, por m\u00e1s meritorio que haya sido, es s\u00f3lo una actividad. Por el contrario, Mora representa mejor el ideal pues se movi\u00f3 en roca y hielo, solo y acompa\u00f1ado, en altura, en al menos dos actividades. Pero lo del Taulliraju fue, despu\u00e9s de todo, un intento; s\u00ed, escalaron el Contrafuerte, pero eso no era a lo que iban y, sin ser un premio de consuelo (\u00a1que no lo es!), no puede compararse con el Taulliraju mismo.<\/div>\n<div class=\"Prrafo\">Y la Colchoneta de Tungsteno, por Mejor Iniciativa, a nadie. Como normalmente ocurre. O sea, como es nuestra realidad no m\u00e1s. Si no les gusta, pues entonces hagan algo. Y no me refiero a equipar un par de rutas de escalada deportiva como monos con taladro. Eso es f\u00e1cil. Lo dif\u00edcil es ganar espacios en nuestra sociedad que dignifiquen el monta\u00f1ismo. Y de eso no hubo nada.<br \/>\nYa. Me voy a la fiesta; me sacaron a pasear.<\/div>\n<div class=\"Prrafo\">Atentamente,<\/div>\n<div class=\"Firma\">El Anticristo<br \/>\n<a href=\"mailto:anticristo@aruficax.cl\">anticristo@aruficax.cl<\/a><\/div>\n<\/div>\n\n<!-- Facebook Like Button v1.9.6 BEGIN [http:\/\/blog.bottomlessinc.com] -->\n<iframe src=\"http:\/\/www.facebook.com\/plugins\/like.php?href=https%3A%2F%2Fwww.escalando.org%2Fanticristo%2Ftemporada-baja-2013-dulce%2F&amp;layout=standard&amp;show_faces=true&amp;width=450&amp;action=like&amp;colorscheme=light\" scrolling=\"no\" frameborder=\"0\" allowTransparency=\"true\" style=\"border:none; overflow:hidden; width:450px; height: 100px; align: left; margin: 20px 0px 2px 0px\"><\/iframe>\n<!-- Facebook Like Button END -->\n","protected":false},"excerpt":{"rendered":"<p>Recopilaci\u00f3n de las principales escaladas e intentos realizados por las comunidad de monta\u00f1istas nacionales ocurridos entre abril y septiembre del 2013. O sea, la llamada Temporada Baja.<\/p>\n","protected":false},"author":2,"featured_media":0,"comment_status":"open","ping_status":"closed","sticky":false,"template":"","format":"standard","meta":{"_et_pb_use_builder":"","_et_pb_old_content":"","_et_gb_content_width":"","_s2mail":"yes","footnotes":""},"categories":[3],"tags":[],"class_list":["post-642","post","type-post","status-publish","format-standard","hentry","category-articulospublicados"],"_links":{"self":[{"href":"https:\/\/www.escalando.org\/anticristo\/wp-json\/wp\/v2\/posts\/642","targetHints":{"allow":["GET"]}}],"collection":[{"href":"https:\/\/www.escalando.org\/anticristo\/wp-json\/wp\/v2\/posts"}],"about":[{"href":"https:\/\/www.escalando.org\/anticristo\/wp-json\/wp\/v2\/types\/post"}],"author":[{"embeddable":true,"href":"https:\/\/www.escalando.org\/anticristo\/wp-json\/wp\/v2\/users\/2"}],"replies":[{"embeddable":true,"href":"https:\/\/www.escalando.org\/anticristo\/wp-json\/wp\/v2\/comments?post=642"}],"version-history":[{"count":16,"href":"https:\/\/www.escalando.org\/anticristo\/wp-json\/wp\/v2\/posts\/642\/revisions"}],"predecessor-version":[{"id":1239,"href":"https:\/\/www.escalando.org\/anticristo\/wp-json\/wp\/v2\/posts\/642\/revisions\/1239"}],"wp:attachment":[{"href":"https:\/\/www.escalando.org\/anticristo\/wp-json\/wp\/v2\/media?parent=642"}],"wp:term":[{"taxonomy":"category","embeddable":true,"href":"https:\/\/www.escalando.org\/anticristo\/wp-json\/wp\/v2\/categories?post=642"},{"taxonomy":"post_tag","embeddable":true,"href":"https:\/\/www.escalando.org\/anticristo\/wp-json\/wp\/v2\/tags?post=642"}],"curies":[{"name":"wp","href":"https:\/\/api.w.org\/{rel}","templated":true}]}}