{"id":581,"date":"2013-12-31T12:06:57","date_gmt":"2013-12-31T16:06:57","guid":{"rendered":"http:\/\/www.escalando.org\/anticristo\/?p=581"},"modified":"2021-10-28T10:24:00","modified_gmt":"2021-10-28T14:24:00","slug":"temporada-baja-2013-agraz","status":"publish","type":"post","link":"https:\/\/www.escalando.org\/anticristo\/temporada-baja-2013-agraz\/","title":{"rendered":"Temporada baja 2013: agraz"},"content":{"rendered":"<div id=\"Contenido\">\n<div id=\"Fecha\">Enero 2014<\/div>\n<div class=\"PrrafoPrimero\">Estimados contertulios, ha llegado el momento de repasar las principales incidencias de nuestra comunidad de monta\u00f1istas y escaladores, estructuradas, como es la tradici\u00f3n, en sus dos cl\u00e1sicos ejes: los accidentes y las escaladas.<\/div>\n<div class=\"Prrafo\">Hoy partimos con aquellos, es decir, la revisi\u00f3n completa de todos los eventos con resultado fatal ocurridos entre abril y septiembre del 2013, a los cuales me tom\u00e9 la libertad de agregar algunos otros que causaron cierto grado de conmoci\u00f3n o impacto.<\/div>\n<div class=\"Prrafo\">Insistiendo que estos p\u00e1rrafos son redactados con mucho respeto por los involucrados, pasemos a continuaci\u00f3n a revisarlos.<\/div>\n<div class=\"Seccin\">Mocho-Choshuenco<\/div>\n<div class=\"Prrafo\">El s\u00e1bado 4 de mayo del 2013, un grupo de 5 personas llegaron a la zona del volc\u00e1n Mocho-Choshuenco para intentar su ascenso. Eran Nidia Monsalve, Esteban Rivas, Richard Astroza, Diego Astroza y un quinto integrante cuyo nombre no pude confirmar.<\/div>\n<div class=\"Prrafo\">Ellos pernoctaron en el glaciar y el ascenso propiamente tal lo iniciaron al d\u00eda siguiente, a las 7:30 de la ma\u00f1ana. Cuatro horas despu\u00e9s, tras hacer cumbre, y mientras estaban en la meseta que separa las dos cimas caracter\u00edsticas (Mocho y Choshuenco), al ir a tomar una fotograf\u00eda, Rivas perdi\u00f3 el equilibrio y comenz\u00f3 a resbalarse por la pendiente. A pesar de estar unido a su piolet, agarrar\u00eda velocidad y golpear\u00eda fatalmente contra una roca, luego de lo cual su desplazamiento acabar\u00eda detenido en el fondo de una grieta peque\u00f1a.<\/div>\n<div class=\"Prrafo\">Ocurrido el accidente, Diego Astroza ir\u00eda en su auxilio, pero las malas condiciones del terreno, nieve fresca sobre piedra volc\u00e1nica, le ocasionar\u00edan un resbal\u00f3n similar que lo har\u00eda caer tambi\u00e9n, caus\u00e1ndole una fractura en el tobillo.<\/div>\n<div class=\"Prrafo\">Subsecuentemente se desencadenar\u00eda la alarma y se articular\u00eda un operativo de rescate que lograr\u00eda asistir a Astroza justo antes de terminar el d\u00eda. Pero, en cuanto a Rivas, su cuerpo sin vida ser\u00eda evacuado de la monta\u00f1a s\u00f3lo en la ma\u00f1ana del d\u00eda siguiente.<\/div>\n<div class=\"Seccin\">Lonquimay<\/div>\n<div class=\"Prrafo\">Algunos d\u00edas m\u00e1s tarde, el 18 de mayo, cuatro personas provenientes de Talca estaban intentando el volc\u00e1n Lonquimay (2.865 m), localizado en la Reserva Nacional Malalcahuello, IX Regi\u00f3n. Eran \u00c1lex Hern\u00e1ndez (36), Braulio Figueroa (33), B\u00e1rbara Meneses (35) y Teresa de los \u00c1ngeles G\u00f3mez (29).<\/div>\n<div class=\"Prrafo\">Ese d\u00eda el tiempo estuvo estable y, tras hacer cumbre, el grupo procedi\u00f3 a bajar, usando crampones o, como el caso de G\u00f3mez, raquetas de nieve. Sin embargo, un poco antes de llegar al sector de la Y, a las 13:30 horas y por razones que se desconocen, G\u00f3mez se resbal\u00f3 por la pendiente, perdiendo una raqueta y el piolet en el proceso, y yendo a dar a un corte empinado con piedras.<\/div>\n<div class=\"Prrafo\">Pocos minutos despu\u00e9s Figueroa y Hern\u00e1ndez llegar\u00edan a ella para ayudarla, pero constatar\u00edan su fallecimiento debido a los m\u00faltiples traumatismos que presentaba, situaci\u00f3n que le fue avisada por radio a Meneses para que \u00e9sta continuara bajando para dar cuenta de lo sucedido.<\/div>\n<div class=\"Prrafo\">El resto del s\u00e1bado se fue en tr\u00e1mites y coordinaciones. Al d\u00eda siguiente, a pesar del mal clima, los restos de G\u00f3mez fueron retirados por un grupo del GOPE, el cu\u00e1l habr\u00eda accedido al sitio del accidente gracias a que Figueroa y Hern\u00e1ndez los guiaron.<\/div>\n<div class=\"Seccin\">Valle Nevado<\/div>\n<div class=\"Prrafo\">M\u00e1s de un mes m\u00e1s tarde, el 29 de junio del 2013, 5 esquiadores se colocaron en posici\u00f3n para realizar un descenso fuera de pista, en la vertiente sur de la extensa meseta donde se localiza Valle Nevado, en direcci\u00f3n hacia el r\u00edo Cepo. Espec\u00edficamente en su extremo poniente, en las cercan\u00edas de las instalaciones que albergan el personal del centro de esqu\u00ed.<\/div>\n<div class=\"Prrafo\">Los primeros en lanzarse fueron Tom\u00e1s S\u00e1nchez y su primo Ismael (26), movimientos en los cuales se desencaden\u00f3 una avalancha de la cual s\u00f3lo alcanz\u00f3 a escapar Tom\u00e1s. El alud en cuesti\u00f3n, arrastrando a Ismael, pasar\u00eda por sobre algunos farellones y eventualmente se detendr\u00eda, mostrando en su frente una longitud de 150 metros.<\/div>\n<div class=\"Prrafo\">Si bien el operativo de rescate se gatillar\u00eda pronto, involucrando a varias organizaciones, Ismael S\u00e1nchez ser\u00eda encontrado sin vida solo al d\u00eda siguiente.<\/div>\n<div class=\"Seccin\">Manquehue<\/div>\n<div class=\"Prrafo\">En la tarde del 9 de julio del 2013, Benjam\u00edn Vargas (17) y Gabriel Hureau comenzaron a subir el cerro Manquehue, ubicado en las cercan\u00edas de Santiago. En la bajada, tras hacer cumbre, perdieron la huella y fueron a dar a unos cortes verticales en medio de la oscuridad, donde Vargas resbalar\u00eda y sufrir\u00eda una ca\u00edda que le ocasionar\u00eda su muerte.<\/div>\n<div class=\"Prrafo\">Hureau dejar\u00eda la mochila ah\u00ed y seguir\u00eda descendiendo en direcci\u00f3n hacia el oriente, luego de lo cual eventualmente lograr\u00eda llegar a unas casas y dar la alarma antes que el d\u00eda terminara.<\/div>\n<div class=\"Prrafo\">A pesar de realizarse una operaci\u00f3n de rastreo nocturno, el cuerpo de Vargas reci\u00e9n ser\u00eda hallado en la ma\u00f1ana del mi\u00e9rcoles 10.<\/div>\n<div class=\"Seccin\">Accidentes, incidentes y otros<\/div>\n<div class=\"Prrafo\">Esas ser\u00edan las v\u00edctimas fatales que, seg\u00fan las reglas est\u00e1ndar que mantengo, sufri\u00f3 el deporte de monta\u00f1a chileno. Ahora pasemos a ver los accidentes no-mortales o eventos relacionados que seleccion\u00e9 para esta ocasi\u00f3n.<\/div>\n<div class=\"Prrafo\">Partimos con lo que ocurri\u00f3 a mediados de junio en el \u00e1rea del Puma Lodge. Dos muchachos estaban abriendo una ruta de 3 largos cuando, al hacer el \u00faltimo rapel, en simult\u00e1neo, algo no sali\u00f3 como estaba planeado, quedaron cortos y uno de ellos cay\u00f3 y se peg\u00f3 un costalazo de 15 metros, fractur\u00e1ndose el sacro, la cadera y quiz\u00e1s qu\u00e9 m\u00e1s.<\/div>\n<div class=\"Prrafo\">En agosto, tres integrantes del Grupo Andino de Chill\u00e1n, Guillermo Vald\u00e9s, Jacob Aguirre y Daniel G\u00f3mez, en el sector de la laguna El Huemul, al norte de Las Trancas, sufrieron lesiones varias por una ca\u00edda y los esfuerzos que hicieron sus compa\u00f1eros por detenerla. Dentro de lo malo que es accidentarse, lo bueno est\u00e1 en que los tres zafaron del peligro con vida, dado que estas ca\u00eddas no siempre terminan bien.<\/div>\n<div class=\"Prrafo\">Luego recordar el rescate de Alexis Fa\u00fandez en el valle del Arenas. Este muchacho, junto a David Ferreira, salieron para los feriados de Fiestas Patrias con la intenci\u00f3n de subir el Loma Larga. Pero el 19 de septiembre, en la noche, optaron por retirarse debido a que el mal tiempo ya era constante y pintaba para no parar. Lamentablemente, en forma casual, en la bajada se separaron y Fa\u00fandez qued\u00f3 atr\u00e1s. Su situaci\u00f3n, a pesar de llevar mochila, saco de dormir y cocinilla, fue deterior\u00e1ndose cada vez m\u00e1s, hasta que tras dos noches sin dormir ni comer nada, dej\u00f3 todo botado y sali\u00f3 en busca de su salvaci\u00f3n, momentos en los cuales fue encontrado por un helic\u00f3ptero que ya iba en su ayuda.<\/div>\n<div class=\"Prrafo\">Tenemos tambi\u00e9n el caso de Michael S\u00e1nchez y Jos\u00e9 Dattoli, que sufrieron severos congelamientos en sus pies tras visitar el macizo del Fitz Roy este invierno. La extensi\u00f3n y da\u00f1o es diverso, con ampollas, cambio de piel y u\u00f1as perdidas, siendo la situaci\u00f3n de Dattoli m\u00e1s complicada pues termin\u00f3 con congelaciones profundas en los 10 dedos de sus pies, aunque sin llegar a comprometer ninguno de ellos.<\/div>\n<div class=\"Prrafo\">El mundo del esqu\u00ed tampoco estuvo ajeno a situaciones delicadas. Por ejemplo, en Valle Nevado un ciudadano ruso descendi\u00f3 desde &#8220;Tres Puntas&#8221; hacia los valles que dan hacia el sur-este, para no regresar jam\u00e1s. S\u00f3lo despu\u00e9s de darse la alerta, y la respectiva b\u00fasqueda por parte de varios grupos, entre ellos GOPE y CSA, lo encontraron en el conocido refugio\/reparo localizado justo abajo de Valle Nevado, hacia el sur, en el cauce del r\u00edo Cepo.<\/div>\n<div class=\"Prrafo\">Y a mediados de agosto, en el transcurso de la competencia de freeride \u201cDesaf\u00edo del Pirigallo\u201d, en Termas de Chill\u00e1n, el esquiador chileno Andr\u00e9s Bayer sufri\u00f3 una fuerte ca\u00edda y result\u00f3 con un grav\u00edsimo TEC. El problema es que las referencias coinciden en se\u00f1alar la pobre atenci\u00f3n que recibi\u00f3 por parte de quienes estaba a cargo de la organizaci\u00f3n, lo cual redund\u00f3 en un rescate improvisado que terminar\u00eda evacuando a Bayer en un helic\u00f3ptero comercial a Chill\u00e1n. En los momentos de escribir este reporte, Bayer ha salido del estado de coma, est\u00e1 desconectado de cualquier sustento vital, escucha, se mueve y los m\u00e9dicos consideran que est\u00e1 en franca recuperaci\u00f3n.<\/div>\n<div class=\"Prrafo\">Despu\u00e9s se tiene la historia (y me contengo en usar la palabra &#8220;sabrosa&#8221;, porque el contexto de este recuento no es gracioso) de Ra\u00fal G\u00f3mez Cincunequi, el ciudadano uruguayo de 58 a\u00f1os que estuvo 4 meses perdido en la cordillera de los Andes y que fue encontrado en Argentina en la localidad de Barreal, en la provincia de San Juan, presentando p\u00e9rdida de peso sustancial y un estado extremo de salud.<\/div>\n<div class=\"Prrafo\">Eso son los hechos. Ahora, las causas de su cruce, la raz\u00f3n de su demora y c\u00f3mo pudo sobrevivir han alimentado las conversaciones de campamento de formas que aqu\u00ed no se puede repetir.<\/div>\n<div class=\"Prrafo\">Pero hay m\u00e1s, pues si la historia ha adquirido importancia p\u00fablica no es tanto por la epopeya de sobrevivencia (que s\u00ed ya tiene m\u00e9ritos), sino porque G\u00f3mez est\u00e1 acusado de abuso sexual de menores, una causa que data del 22 de abril en Santiago y de la cual se derivaba una orden de detenci\u00f3n, con fecha 17 de junio, gatillada debido a que G\u00f3mez no se present\u00f3 a la audiencia respectiva. Antecedentes mismos que fueron los que justificaron la orden de captura internacional que se mand\u00f3 a Argentina luego de saberse que hab\u00eda aparecido. Despu\u00e9s de esto, honestamente le pierdo la pista a la historia y no s\u00e9 en qu\u00e9 estar\u00e1 ahora.<\/div>\n<div class=\"Prrafo\">Finalmente, hubo dos v\u00edctimas fatales que, si bien no tiendo a incorporarlas en los recuentos propiamente tal, igual prefer\u00ed mencionarlas aqu\u00ed por sus obvia cercan\u00eda al tema. Primero, el fallecimiento el 14 de julio de Alejandra Hern\u00e1ndez, una ni\u00f1a de 13 a\u00f1os que practicaba canopy en el parque Geoaventura, accidente ocurrido al parecer debido a que agarr\u00f3 velocidad y se golpe\u00f3 contra una estructura. Y luego el sensible fallecimiento el 22 de abril de Carlos Astudillo, conocido voluntario del CSA Las Trancas, quien, acompa\u00f1ado de Juan \u00c1vila, hab\u00eda llegado el 21 de abril al sector de La Mula, sector Los Pellines al interior de Coihueco, para pescar. Al d\u00eda siguiente, tras tomar desayuno y mientras se desplazaba cerca del campamento, Astudillo sufrir\u00eda un ataque card\u00edaco que le ocasionar\u00eda su muerte.<\/div>\n<div class=\"Seccin\">An\u00e1lisis<\/div>\n<div class=\"Prrafo\">Entonces, resumiendo, hubo 4 v\u00edctimas fatales de lo que consideramos deporte de monta\u00f1a. Dos de ellos fueron debido a resbalones en la nieve, uno por avalancha y otro por ca\u00edda en un corte vertical. Una dama, todos chilenos, edades diversas. Ning\u00fan monta\u00f1ista involucrado en actividades t\u00e9cnicas de riesgo extremo.<\/div>\n<div class=\"Prrafo\">Comentarios dichos sin implicar nada. S\u00f3lo citando hechos. Con respeto y con la idea de informar mejor.<\/div>\n<div class=\"Firma\">El Anticristo<br \/>\n<a href=\"mailto:anticristo@aruficax.cl\">anticristo@aruficax.cl<\/a><\/div>\n<\/div>\n\n<!-- Facebook Like Button v1.9.6 BEGIN [http:\/\/blog.bottomlessinc.com] -->\n<iframe src=\"http:\/\/www.facebook.com\/plugins\/like.php?href=https%3A%2F%2Fwww.escalando.org%2Fanticristo%2Ftemporada-baja-2013-agraz%2F&amp;layout=standard&amp;show_faces=true&amp;width=450&amp;action=like&amp;colorscheme=light\" scrolling=\"no\" frameborder=\"0\" allowTransparency=\"true\" style=\"border:none; overflow:hidden; width:450px; height: 100px; align: left; margin: 20px 0px 2px 0px\"><\/iframe>\n<!-- Facebook Like Button END -->\n","protected":false},"excerpt":{"rendered":"<p>Recopilaci\u00f3n de los principales accidentes ocurridos en los ambientes de monta\u00f1a chilenos entre abril y septiembre del 2013, incluyendo el monta\u00f1ismo, el esqu\u00ed, la escalada, el excursionismo y otros similares.<\/p>\n","protected":false},"author":2,"featured_media":0,"comment_status":"open","ping_status":"closed","sticky":false,"template":"","format":"standard","meta":{"_et_pb_use_builder":"","_et_pb_old_content":"","_et_gb_content_width":"","_s2mail":"yes","footnotes":""},"categories":[3],"tags":[],"class_list":["post-581","post","type-post","status-publish","format-standard","hentry","category-articulospublicados"],"_links":{"self":[{"href":"https:\/\/www.escalando.org\/anticristo\/wp-json\/wp\/v2\/posts\/581","targetHints":{"allow":["GET"]}}],"collection":[{"href":"https:\/\/www.escalando.org\/anticristo\/wp-json\/wp\/v2\/posts"}],"about":[{"href":"https:\/\/www.escalando.org\/anticristo\/wp-json\/wp\/v2\/types\/post"}],"author":[{"embeddable":true,"href":"https:\/\/www.escalando.org\/anticristo\/wp-json\/wp\/v2\/users\/2"}],"replies":[{"embeddable":true,"href":"https:\/\/www.escalando.org\/anticristo\/wp-json\/wp\/v2\/comments?post=581"}],"version-history":[{"count":43,"href":"https:\/\/www.escalando.org\/anticristo\/wp-json\/wp\/v2\/posts\/581\/revisions"}],"predecessor-version":[{"id":1240,"href":"https:\/\/www.escalando.org\/anticristo\/wp-json\/wp\/v2\/posts\/581\/revisions\/1240"}],"wp:attachment":[{"href":"https:\/\/www.escalando.org\/anticristo\/wp-json\/wp\/v2\/media?parent=581"}],"wp:term":[{"taxonomy":"category","embeddable":true,"href":"https:\/\/www.escalando.org\/anticristo\/wp-json\/wp\/v2\/categories?post=581"},{"taxonomy":"post_tag","embeddable":true,"href":"https:\/\/www.escalando.org\/anticristo\/wp-json\/wp\/v2\/tags?post=581"}],"curies":[{"name":"wp","href":"https:\/\/api.w.org\/{rel}","templated":true}]}}