{"id":544,"date":"2013-10-29T04:27:29","date_gmt":"2013-10-29T08:27:29","guid":{"rendered":"http:\/\/www.escalando.org\/anticristo\/?p=544"},"modified":"2021-10-28T10:24:36","modified_gmt":"2021-10-28T14:24:36","slug":"mala-pata","status":"publish","type":"post","link":"https:\/\/www.escalando.org\/anticristo\/mala-pata\/","title":{"rendered":"Mala pata"},"content":{"rendered":"<div id=\"Contenido\">\n<div id=\"Fecha\">Noviembre 2013<\/div>\n<div class=\"PrrafoPrimero\">Hablar de tener pies fr\u00edos, y c\u00f3mo remediarlo, nunca m\u00e1s ser\u00e1 lo mismo.<\/div>\n<div class=\"Prrafo\">Y en mi defensa debo acotar que, como acostumbro decir, la soluci\u00f3n es m\u00e1s real que la realidad misma. Que no quita que nos haga re\u00edr de lo c\u00f3mica que parece la receta. Carcajada que tambi\u00e9n hace olvidar lo importante que es evitar pasar fr\u00edo. Estado de \u00e1nimo que asimismo nos lleva a relegar la noci\u00f3n de considerarlo al hacer escaladas m\u00e1s extremas. Pero que finalmente nos golpea en la cara, t\u00edpicamente demasiado tarde, cuando las u\u00f1as se caen, los dedos se ponen negros, hay que amputar y perdemos miles de d\u00f3lares en recuperaciones que nunca nos dejar\u00e1n como sol\u00edamos ser.<\/div>\n<div class=\"Prrafo\">Y ah\u00ed s\u00ed que no nos re\u00edmos m\u00e1s.<\/div>\n<div class=\"Seccin\">M\u00e1s secretos en la monta\u00f1a<\/div>\n<div class=\"Prrafo\">\u00bfExagero?<\/div>\n<div class=\"Prrafo\">Un poco; pero no mucho. Ya que en estos \u00faltimos a\u00f1os ha renacido en Chile un problema que el alpinismo moderno parec\u00eda haber desterrado: los congelamientos en los pies.<\/div>\n<div class=\"Prrafo\">Lo que en un principio me pareci\u00f3 nada m\u00e1s que un error puntual de alguien, luego se revel\u00f3 como accidentes sospechosamente recurrentes. Ya sea en esos cerros t\u00edpicamente altos y g\u00e9lidos de los Andes Centrales, o bien en los objetivos t\u00e9cnicamente exigentes de las zonas de climas h\u00famedos y no tan extremadamente fr\u00edos, como Patagonia.<\/div>\n<div class=\"Prrafo\">La raz\u00f3n por la cual pas\u00f3 inadvertido hasta ahora es porque hab\u00eda venido acompa\u00f1ada de la entendible pero no por ello menos p\u00e9sima costumbre de ocultarlo. Los congelamientos no son algo que se comente, o, de hacerlo, se le deja tan por detr\u00e1s en el relato que pasa desapercibido. Una espont\u00e1nea espiral del silencio que agrega inconvenientes propios, ya que no advierte del problema a los que est\u00e1n por venir (impidi\u00e9ndoles entonces prepararse).<\/div>\n<div class=\"Prrafo\">Pero eso no es lo peor; hay algo m\u00e1s grave a\u00fan. Como comienza a ser &#8220;com\u00fan&#8221;, se le est\u00e1 empezando a vestir con un tono de obligatoriedad en las escaladas extremas en climas \u00eddem. Como si para tener \u00e9xito en ellas es forzoso congelarse las extremidades, convirti\u00e9ndolo en una especie de costo que se ha de pagar qui\u00e9rase o no.<\/div>\n<div class=\"Prrafo\">Momentos en que ah\u00ed s\u00ed se me salta el tap\u00f3n y grito &#8220;basta&#8221;. Ya malo es que ocurra, pero \u00bfm\u00e1s encima que se le rodee de un aire de sacrificio enaltecedor? <em>No way<\/em>. En ingl\u00e9s y en espa\u00f1ol tambi\u00e9n.<\/div>\n<div class=\"Prrafo\">Lo triste es que para llegar a este momento tuvimos que esperar que en estos \u00faltimos 10 a\u00f1os 20 monta\u00f1istas chilenos se congelaran sus dedos.<\/div>\n<div class=\"Seccin\">Cebarse correctamente<\/div>\n<div class=\"Prrafo\">As\u00ed es<em> ma cherie<\/em>; \u00a120!<\/div>\n<div class=\"Prrafo\">Y si est\u00e1n esperando la lista con los nombres y lugares donde acontecieron estos incidentes, se quedar\u00e1n con las ganas. Porque si bien puedo hacerlo, no ser\u00eda atinado, ya que aqu\u00ed lo relevante no es cebarse sobre casos puntuales sino que analizar y fustigar el fen\u00f3meno. Para que no contin\u00fae.<\/div>\n<div class=\"Prrafo\">No olviden que estamos hablando de personas que merecen nuestro respeto, que est\u00e1n llevando el desarrollo del alpinismo nacional a niveles insospechados y que, si cometen errores, es nada m\u00e1s que producto del coraje que demuestran por participar de un juego peligroso. Adem\u00e1s que, para hacerlo en propiedad, habr\u00eda que conocer muy en detalle la cadena de eventos que llevaron \u00faltimamente a que un escalador comprometiera sus falanges. De lo contrario, \u00bfc\u00f3mo saber si sus decisiones fueron negligentes, o derechamente mala pata?<\/div>\n<div class=\"Prrafo\">Complicado con el hecho que cualquier investigaci\u00f3n en este tema est\u00e1 lidiando con la conocida caracter\u00edstica humana que las respuestas ante las preguntas vienen muy matizadas. Que es una manera elegante de decir lo que el gur\u00fa House afirma de otra manera: todos mienten.<\/div>\n<div class=\"Prrafo\">Por eso creo que para partir es mejor atacar el problema en s\u00ed y su distorsi\u00f3n cultural, para quitarle su aura rom\u00e1ntica y rotularlo como lo que es: un fracaso. Siendo el primer paso hablar de ello.<\/div>\n<div class=\"Seccin\">Causeo<\/div>\n<div class=\"Prrafo\">\u00bfY por qu\u00e9 ha resurgido este problema? Varias son las razones.<\/div>\n<div class=\"Prrafo\">La primera de ellas, quiz\u00e1s la m\u00e1s influyente, es la penetraci\u00f3n en el mercado de las nuevas botas de cuero inyectado, una situaci\u00f3n que merece una explicaci\u00f3n completa, la cual, por problemas de espacio, no har\u00e9 hoy. Pero por mientras puedo adelantar que el argumento clave aqu\u00ed es que los escaladores y monta\u00f1istas en Chile se est\u00e1n extralimitando, al usarlas en terrenos y para prestaciones para las cuales no fueron dise\u00f1adas. Intentando sacarle m\u00e1ximo provecho a sus ventajas (livianas y c\u00f3modas), las terminan llevando a lugares demasiado helados o h\u00famedos. Olvidando que as\u00ed abren un flanco enorme en el riesgo global de la actividad que acometen, pues basta que las cosas no se den como estaban planeadas, o se tiene un poco de mala suerte, y \u00a1kaboom!, jodiste. Dedos congelados.<\/div>\n<div class=\"Prrafo\">Tambi\u00e9n es relevante destacar el t\u00edpico error en el que est\u00e1n cayendo los escaladores actuales, especialmente los m\u00e1s j\u00f3venes, al sobre-simplificar el an\u00e1lisis de las dificultades que tiene una ruta y reducirlo todo al &#8220;grado&#8221;. Como si fuera lo \u00fanico que importa. Casi como pensando que por hacer dos secuencias dif\u00edciles en el boulder pueden ir a escalar la Exocet a la Stanhard (que su parte de roca &#8220;solo&#8221; es 5+). Olvidando el esfuerzo f\u00edsico, el peso de las mochilas, la calidad de la protecci\u00f3n o, lo que nos re\u00fane hoy, el fr\u00edo que van a encontrar. Pues un 5.8 podr\u00e1 ser un 5.8 aqu\u00ed y en la China, pero 500 metros de 5.8 realizados con una sensaci\u00f3n t\u00e9rmica de -20&#8230; claro que requiere una estrategia especial.<\/div>\n<div class=\"Prrafo\">Lo que nos lleva al tercer punto. Que quiz\u00e1s estos problemas son una consecuencia de esa estupidez de seguir viendo al monta\u00f1ista como una maquina sado-masoquista (\u00a1wow!), que aguanta todo para sobrevivir porque \u00e9ste es un acto de voluntad; que solamente depende de m\u00ed. De la misma manera que antes se supon\u00eda que el mejor alpinista era aquel que cargaba m\u00e1s peso (o sea, una mula), ahora resulta que es &#8220;cool&#8221; enfrentar las bajas temperaturas desabrigado. O, su opuesto, que quien detesta pasar fr\u00edo es una mariquita que no es hombre de verdad. Porque aquella fortalece el car\u00e1cter, templa el esp\u00edritu y nos hace mejores escaladores.<\/div>\n<div class=\"Prrafo\">Imb\u00e9cil.<\/div>\n<div class=\"Prrafo\">El fr\u00edo destruye, aniquila y no tiene nada que ver con el arte de escalar. Y si es una prueba, que lo es (estoy de acuerdo), es primero y antes que nada al intelecto del monta\u00f1ista, pues representa un desaf\u00edo m\u00e1s que se debe RESOLVER (y no pasivamente dejar ser). El fr\u00edo es habitual en el alpinismo, formando parte de \u00e9l (d\u00edganmelo a m\u00ed); pero no por eso uno va a salir a escalar desnudo para demostrar hombr\u00eda.<\/div>\n<div class=\"Prrafo\">Esta pretensi\u00f3n del s\u00faper-hombre, en todo caso, no s\u00f3lo ocurre en el alpinismo. Incluso, si me dejan ir m\u00e1s lejos, los monta\u00f1istas no son ni por cerca el peor usuario frecuente de este error. Si no, es cosa nada m\u00e1s de ver la actitud de los pisteros\/socorristas, principalmente los m\u00e1s viejos (pero los tarados tambi\u00e9n), que exigen que uno aguante el fr\u00edo en sus pies a todo evento. O que uno se quede como vig\u00eda en medio de la tormenta solo para demostrarle al patr\u00f3n que uno se la puede (cuando en realidad lo \u00fanico que est\u00e1n demostrando es su falta de neuronas). Todo por un mal entendido c\u00f3digo de conducta basado en un peor mal concebido c\u00f3digo de trabajo. Al lado de ellos, los alpinistas son personas sofisticadas.<\/div>\n<div class=\"Prrafo\">Lo que nos deriva finalmente al \u00faltimo punto que quer\u00eda comentar, uno que tiende a condicionar mucho el abrigo con el que se puede disponer: el peso de las mochilas.<\/div>\n<div class=\"Prrafo\">Est\u00e1 claro que a veces los congelamientos se deben a no haber podido llevado un saco de dormir, una chaqueta o un par de guantes adicionales. Imposibilidad debido a las extremas exigencias que la dificultad de las v\u00edas que se est\u00e1n intentando hoy plantean. Decisiones que se toman antes de partir, que, todos los sabemos, normalmente obedecen a la necesidad de ir livianos y que no tiene una soluci\u00f3n ideal. Si se lleva mucho, se ir\u00e1 m\u00e1s lento y probablemente no se llegue a ning\u00fan lado; pero si se lleva poco comienza a dispararse el riesgo de que algo malo nos pase.<\/div>\n<div class=\"Seccin\">Dilemas y dolores<\/div>\n<div class=\"Prrafo\">\u00bfD\u00f3nde cortar? \u00bfD\u00f3nde est\u00e1 el l\u00edmite entre lo razonable y lo est\u00fapido?<\/div>\n<div class=\"Prrafo\">Pues cada alpinista deber\u00e1 determinarlo por s\u00ed mismo. PERO, y esto es lo que yo sostengo, este proceso de definici\u00f3n de la estrategia y t\u00e1ctica DEBE ser hecho teniendo presente claramente las implicaciones. O sea, dicho en castellano, si decides usar por ejemplo zapatos de cuero para ir al San Jos\u00e9, o no llevar un saco de dormir para la Sur del Aconcagua, debes hacerlo teniendo claramente presente que as\u00ed has aumentado significativamente las chances que termines con los dedos congelados. O que mueras.<\/div>\n<div class=\"Prrafo\">Otros opinan que el problema del peso en escaladas extremas est\u00e1 exagerado, pues se ha llegado a una situaci\u00f3n de perfeccionamiento tal en la calidad del equipo, que ya se hace dif\u00edcil reducir significativamente m\u00e1s el peso de la mochila. Situaci\u00f3n que ha puesto de relieve otras cosas, una de ellas el que parece ser el cuello de botella actual: que en ocasiones los alpinistas quieren reducir el peso de la mochila simplemente porque no est\u00e1n bien entrenados. Que explica bien porque alegan tanto por llevar un kilo m\u00e1s en la mochila (que es lo que puede pesar por ejemplo un saco de dormir delgado), siendo que es una cantidad razonable que cualquier escalador que se considere extremo deber\u00eda poder hacer.<\/div>\n<div class=\"Prrafo\">Dilema abierto, con argumentos que van y que vienen. Pero que, independiente del resultado, no tiene nada que ver con la detestable costumbre de aquellos monta\u00f1istas alfas que se las dan de &#8220;alpinos&#8221; y que ridiculizan a cualquiera que desee protegerse un poco m\u00e1s. Solo porque estos no desean da\u00f1arse con el fr\u00edo.<\/div>\n<div class=\"Prrafo\">Al rev\u00e9s de ellos que son escaladores de verdad, pero que ir\u00f3nicamente son quienes m\u00e1s lloran al regresar a casa viendo como sus dedos comienzan a morir.<\/div>\n<div class=\"Seccin\">Perspectiva<\/div>\n<div class=\"Prrafo\">Terminemos dejando las cosas claras.<\/div>\n<div class=\"Prrafo\">No soy disco rayado y a\u00fan no se me raya el disco. No chocheo. No soy t\u00edo de nadie. S\u00e9 de lo que estoy hablando y no soy mam\u00f3n. Tu abuela lo ser\u00e1.<\/div>\n<div class=\"Prrafo\">As\u00ed es que m\u00e9tanse en la cabeza que aqu\u00ed nadie cuestiona las motivaciones que llevan a los escaladores a hacer &#8220;locuras&#8221; y que, al rev\u00e9s, son esas bravas acciones las que nos inspiran a todos. As\u00ed es que si se tiene alguna vez que tomar la decisi\u00f3n de hacer sacrificios, de pagar costos, por ejemplo, enfrentar la tormenta a manos y pies desnudos, que as\u00ed sea entonces. Pero de ah\u00ed a que sea necesario para convertirse en el mejor escalador de Chile y el mundo&#8230; No. Eso es simple y llana bober\u00eda.<\/div>\n<div class=\"Prrafo\">El mejor escalador no es el que se levanta m\u00e1s temprano (aunque habitualmente lo haga), ni tampoco el m\u00e1s r\u00e1pido (si bien normalmente lo es). Sino que el m\u00e1s inteligente.<\/div>\n<div class=\"Prrafo\">Aquel que se levanta tarde, toma un buen desayuno tras calentarle los pies a una amiga, y luego realiza la escalada del siglo, regresando intacto a tiempo a su carpa para calent\u00e1rselos a los de la vecina tambi\u00e9n<\/div>\n<div class=\"Firma\">El Anticristo<br \/>\n<a href=\"mailto:anticristo@aruficax.cl\">anticristo@aruficax.cl<\/a><\/div>\n<\/div>\n\n<!-- Facebook Like Button v1.9.6 BEGIN [http:\/\/blog.bottomlessinc.com] -->\n<iframe src=\"http:\/\/www.facebook.com\/plugins\/like.php?href=https%3A%2F%2Fwww.escalando.org%2Fanticristo%2Fmala-pata%2F&amp;layout=standard&amp;show_faces=true&amp;width=450&amp;action=like&amp;colorscheme=light\" scrolling=\"no\" frameborder=\"0\" allowTransparency=\"true\" style=\"border:none; overflow:hidden; width:450px; height: 100px; align: left; margin: 20px 0px 2px 0px\"><\/iframe>\n<!-- Facebook Like Button END -->\n","protected":false},"excerpt":{"rendered":"<p>Oculto quiz\u00e1s sin querer, ha llegado el momento de denunciar el m\u00e1s grande problema que enfrenta el monta\u00f1ismo nacional en la actualidad.<\/p>\n","protected":false},"author":2,"featured_media":0,"comment_status":"open","ping_status":"closed","sticky":false,"template":"","format":"standard","meta":{"_et_pb_use_builder":"","_et_pb_old_content":"","_et_gb_content_width":"","_s2mail":"yes","footnotes":""},"categories":[3],"tags":[],"class_list":["post-544","post","type-post","status-publish","format-standard","hentry","category-articulospublicados"],"_links":{"self":[{"href":"https:\/\/www.escalando.org\/anticristo\/wp-json\/wp\/v2\/posts\/544","targetHints":{"allow":["GET"]}}],"collection":[{"href":"https:\/\/www.escalando.org\/anticristo\/wp-json\/wp\/v2\/posts"}],"about":[{"href":"https:\/\/www.escalando.org\/anticristo\/wp-json\/wp\/v2\/types\/post"}],"author":[{"embeddable":true,"href":"https:\/\/www.escalando.org\/anticristo\/wp-json\/wp\/v2\/users\/2"}],"replies":[{"embeddable":true,"href":"https:\/\/www.escalando.org\/anticristo\/wp-json\/wp\/v2\/comments?post=544"}],"version-history":[{"count":15,"href":"https:\/\/www.escalando.org\/anticristo\/wp-json\/wp\/v2\/posts\/544\/revisions"}],"predecessor-version":[{"id":1241,"href":"https:\/\/www.escalando.org\/anticristo\/wp-json\/wp\/v2\/posts\/544\/revisions\/1241"}],"wp:attachment":[{"href":"https:\/\/www.escalando.org\/anticristo\/wp-json\/wp\/v2\/media?parent=544"}],"wp:term":[{"taxonomy":"category","embeddable":true,"href":"https:\/\/www.escalando.org\/anticristo\/wp-json\/wp\/v2\/categories?post=544"},{"taxonomy":"post_tag","embeddable":true,"href":"https:\/\/www.escalando.org\/anticristo\/wp-json\/wp\/v2\/tags?post=544"}],"curies":[{"name":"wp","href":"https:\/\/api.w.org\/{rel}","templated":true}]}}