{"id":1409,"date":"2024-01-28T18:50:31","date_gmt":"2024-01-28T22:50:31","guid":{"rendered":"https:\/\/www.escalando.org\/anticristo\/?p=1409"},"modified":"2024-05-20T10:57:29","modified_gmt":"2024-05-20T14:57:29","slug":"recuento-de-accidentes-parte-iii-2023","status":"publish","type":"post","link":"https:\/\/www.escalando.org\/anticristo\/recuento-de-accidentes-parte-iii-2023\/","title":{"rendered":"Recuento de accidentes; parte III (2023)"},"content":{"rendered":"<div class=\"Contenido\">\n<div id=\"Fecha\">Enero 2024<\/div>\n<div class=\"PrrafoPrimero\">Finalmente, con ustedes, la \u00faltima parte de los recuentos de los accidentes fatales sucedidos en nuestros ambientes de monta\u00f1a despu\u00e9s del 2020. En esta ocasi\u00f3n, con los ocurridos en el a\u00f1o 2023.<\/div>\n<div class=\"Prrafo\">\nAprovecho de comentarles a quienes llegan por primera vez a estas recopilaciones, que ellas se construyen siguiendo un conjunto de reglas que abarcan tanto la forma como el fondo del asunto. Marco de trabajo que no describo aqu\u00ed para no aburrir, pero que es delineado en los cap\u00edtulos anteriores.<\/div>\n<div class=\"Prrafo\">Teniendo tal cosa presente, comencemos entonces el repaso.<\/div>\n<div class=\"Seccin\">\nEn orden cronol\u00f3gico&#8230;<\/div>\n<div class=\"Prrafo\">El primer incidente aconteci\u00f3 el jueves 26 de enero cerca del mirador Skottsberg (Torres del Paine) cuando uno de los participantes de una excursi\u00f3n guiada, el estadounidense Albert Buttler (64), se sinti\u00f3 mal y cay\u00f3 al piso. A pesar de ser asistido inmediatamente, acab\u00f3 por fallecer en el mismo sitio debido a lo que despu\u00e9s se report\u00f3 fue la ruptura de la aorta.<\/div>\n<div class=\"Prrafo\">\nPocos d\u00edas despu\u00e9s, el martes 31, una mujer que practicaba senderismo junto a una amiga en direcci\u00f3n a la Cascada de los Vientos (en el Estero de San Alfonso) perdi\u00f3 el equilibrio y cay\u00f3 varias decenas de metros, sufriendo diversos golpes en la cabeza y el cuerpo. Tras ser rescatada, fue llevada al Hospital de San Jos\u00e9 de Maipo, en donde, a pesar de los esfuerzos realizados, muri\u00f3 dos horas despu\u00e9s. Su nombre era Adriana \u00c1ngel Encina, de 42 a\u00f1os de edad.<\/div>\n<div class=\"Prrafo\">\nEl siguiente aconteci\u00f3 en San Pedro de Atacama, cuando a las 19:00 horas del 18 de febrero no regresaron de una excursi\u00f3n al cerro Toco 5 personas (de un grupo de 10). La subsecuente b\u00fasqueda incluy\u00f3 a la Tercera Compa\u00f1\u00eda de Bomberos de Toconao, uno de cuyos participantes (Miguel Gonz\u00e1lez, 59) sufri\u00f3 un desmayo mientras se encontraba en terreno, lo cual, a pesar de ser evacuado de emergencia, despu\u00e9s de medianoche deriv\u00f3 en su fallecimiento. En cuanto a los retrasados (3 brasile\u00f1os y 2 gu\u00edas), salvo un principio de hipotermia, estos fueron encontrados sin mayores problemas.<\/div>\n<div class=\"Prrafo\">\nEl 3 de abril, Dominique Castro (30) subi\u00f3 en bicicleta por el Caj\u00f3n del Maipo; la dej\u00f3 en una casa cerca del puente de San Alfonso, manifestando su intenci\u00f3n de visitar la Cascada de los Vientos. Sin embargo, al hacerse de noche y no regresar, las autoridades fueron notificadas, para poco despu\u00e9s ella ser encontrada sin vida sobre el estero a medio kil\u00f3metro de la cascada, con indicaciones de haber sufrido una ca\u00edda en altura.<\/div>\n<div class=\"Prrafo\">\nEl 11 de junio, en la regi\u00f3n del Maule, dos monta\u00f1istas entraron al \u00e1rea del cerro El Toro por su acceso norte (extremo oriente del embalse Ancoa). Tras el mi\u00e9rcoles 14 hacer cumbre (3.081 m), a las 18:00 horas y unos 2.900 metros de altitud, Melissa Escobar (24) perdi\u00f3 el equilibrio, rod\u00f3 por la ladera y termin\u00f3 en unas rocas ubicadas 200 metros m\u00e1s abajo, resultando con fracturas de tibia y peron\u00e9 en su pierna derecha. Tras aplicarse un torniquete (Escobar era enfermera de profesi\u00f3n), su compa\u00f1ero fue en busca de ayuda, caminando por horas hasta alcanzar un punto donde tuvo cobertura de celular. Declarada la emergencia, un helic\u00f3ptero de Carabineros pudo acceder al lugar a las 5 de la tarde del d\u00eda siguiente, encontrando a Escobar en el mismo sitio donde la hab\u00eda dejado su compa\u00f1ero, pero ya sin vida. Todo indicando que su deceso habr\u00eda sido gatillado por una hipotermia que, de seguro, se vio potenciada por la p\u00e9rdida de sangre.<\/div>\n<div class=\"Prrafo\">\nLuego, provenientes de diversas rutas, el 2 de julio varios grupos hicieron cumbre en el Punta de Damas (Sierra de Ram\u00f3n, RM). En uno de los descensos, a las 15:00 horas, Yasser Jara y Nataly Grossolli experimentaron un resbal\u00f3n en la nieve mientras bajaban hacia el oeste, yendo a dar a una quebrada de dif\u00edcil acceso localizada a unos 400 metros de la cima. El accidente fue presenciado por otras personas, quienes avisaron del hecho e iniciaron una secuencia de eventos que logr\u00f3 la llegada de un helic\u00f3ptero de Carabineros a las 7 PM. No obstante, como las condiciones para volar eran marginales, antes que el aparato se retirara solo hubo tiempo para que de \u00e9l se bajaran 2 miembros del GOPE. El problema ahora siendo que, como era tarde y hab\u00eda temperaturas sub-cero, estos a su vez tuvieron que ser asistidos por los monta\u00f1istas presentes, quienes antes de retirarse los dejaron con equipo como para que aquellos pudieran pasar la noche. Despu\u00e9s de lo cual, los rescatistas constataron el fallecimiento de Grossolli (38) y atendieron a un fracturado Jara que estaba unos 15 metros m\u00e1s abajo en estado de shock. Tras estabilizarlo y moverlo a un lugar m\u00e1s adecuado, en la ma\u00f1ana todos fueron evacuados v\u00eda a\u00e9rea.<\/div>\n<div class=\"Prrafo\">\nAlgunas semanas despu\u00e9s, el 22 de julio, 3 adultos se mov\u00edan por el sendero de la ruta normal al Sollipulli (2.282 m). Usando raquetas de nieve para sortear el terreno, uno de ellos (Alfonso Canarios, 54) cay\u00f3 al suelo con muestras de experimentar un paro card\u00edaco. Jos\u00e9 Silva, el gu\u00eda de otro grupo que tambi\u00e9n estaba presente en el \u00e1rea, alcanz\u00f3 a brindarle primeros auxilios, a pesar de lo cual Canarios perdi\u00f3 la vida en el lugar, siendo su cuerpo evacuado esa noche gracias al trabajo de diferentes organizaciones.<\/div>\n<div class=\"Prrafo\">\nEl 3 de agosto, una cordada de 2 monta\u00f1istas ven\u00eda descendiendo del volc\u00e1n Lonquimay (2.865 m) cuando, aproximadamente a las 15:50 horas, Madeleine Segovia (30) perdi\u00f3 el equilibrio donde se inicia el caracter\u00edstico filo que baja de la cumbre hacia el sur, dando inicio a una ca\u00edda de centenares de metros que provoc\u00f3 su deceso.<\/div>\n<div class=\"Prrafo\">\nAl d\u00eda siguiente, en la misma \u00e1rea pero derechamente en lo que ya es Corralco, un esquiador decidi\u00f3 bajar por un canal fuera de pista rotulado para expertos (el Zanj\u00f3n de la Cumbre), uno que se encontraba con una capa de nieve delgada sobre otra que ten\u00eda hielo. Condiciones que causaron que esta persona en alg\u00fan instante se cayera, agarrara velocidad y acabara impactando fatalmente su cabeza en unas rocas ubicadas al final del recorrido.<\/div>\n<div class=\"Prrafo\">\nEl jueves 7 de septiembre, el chileno Tom\u00e1s van Wersch (30) se encontraba randoneando con su polola en la zona de la Falsa Parva, separ\u00e1ndose ellos alrededor de las 16:00 horas con la idea de reencontrarse despu\u00e9s en el poblado de La Parva (donde estaban alojando). Pero van Wersch no lleg\u00f3 de vuelta y, al pasar el tiempo, la preocupaci\u00f3n por su paradero deriv\u00f3 en una b\u00fasqueda en regla que involucr\u00f3 a m\u00faltiples instituciones, se vio dificultada por las condiciones clim\u00e1ticas y se extendi\u00f3 hasta la ma\u00f1ana del 22 de septiembre, que fue cuando el cuerpo sin vida de van Wersch fue ubicado cerca de un promontorio rocoso arriba del sector Barros Negros (al oeste de la Falsa Parva). Lo encontraron enterrado en la nieve, con los esqu\u00eds puestos, su ropa intacta y sin presentar fracturas, antecedentes que hacen de este incidente uno de dif\u00edcil interpretaci\u00f3n, aunque permiten en principio descartar la ocurrencia de un impacto kin\u00e9tico o alguna avalancha.<\/div>\n<div class=\"Prrafo\">\nEl 19 de septiembre, Fabi\u00e1n Jara (56) y Christian Briones (50) se dirigieron al Melocot\u00f3n (Caj\u00f3n del Maipo, RM) para hacer barranquismo en el estero Las Cucas. A mediod\u00eda ya estaban posicionados arriba de la cascada que pretend\u00edan (una que presentaba un flujo mayor al habitual), primero descendiendo Jara y a continuaci\u00f3n Briones, quien al principio no tuvo inconvenientes pero que, cuando llevaba 15 metros y le faltaban unos 8 para terminar, perdi\u00f3 la l\u00ednea de descenso y fue a dar justo debajo de la ca\u00edda de agua. En el entrevero, apret\u00e1ndosele el prusik que usaba como respaldo y quedando cabeza abajo por el peso de la mochila. Si\u00e9ndole imposible salir del problema, fue ahora Jara el que hizo esfuerzos m\u00faltiples por auxiliarlo, hasta que pudo con la cuerda sacarlo de la cascada y, despu\u00e9s, desde arriba, hacer una maniobra de transferencia de peso para bajarlo al suelo y aplicarle RCP. A pesar de lo cual, Briones falleci\u00f3 en alg\u00fan momento de estos eventos.<\/div>\n<div class=\"Prrafo\">\nEl 7 de octubre, un grupo de 4 monta\u00f1istas entr\u00f3 a la ruta normal del cerro Alto de la Posada (4.260 m). Tras hacer un campamento en su vertiente noreste, partieron a las 4 AM del domingo 8 y superaron sin problemas la caracter\u00edstica canaleta norte. Una vez arriba, y tras Patricio Carvajal (62) manifestar su decisi\u00f3n de ir cerrando, cada uno continu\u00f3 a su ritmo por el filo oeste para todos, salvo Carvajal, ir llegando a la cumbre pasadas las 14:15 horas. Treinta minutos m\u00e1s tarde comenzaron el descenso, desplazamiento que les permiti\u00f3 en alg\u00fan instante poder observar que Carvajal estaba a unos 200 metros m\u00e1s abajo, pero por terreno expuesto; desviado de la direcci\u00f3n l\u00f3gica de ascenso, un tanto corrido hacia el oeste, como yendo m\u00e1s bien hacia la Punta Desconocida (4.300 m). Hubo comunicaci\u00f3n a gritos entre ellos, luego de lo cual Carvajal decidi\u00f3 continuar por su l\u00ednea de ascenso mientras los dem\u00e1s retomaban la bajada. Momentos durante los cuales, aproximadamente a cota 4 mil, Carvajal sufri\u00f3 una larga ca\u00edda que, adem\u00e1s, provoc\u00f3 un alud de piedras. Sus compa\u00f1eros intentaron ir en su ayuda, pero por lo abrupto del terreno no les fue posible acceder a \u00e9l o visualizar d\u00f3nde hab\u00eda quedado. Al no obtener respuestas tras llamarlo, avisaron por celular a Carabineros de lo ocurrido, siendo posteriormente los restos de Carvajal localizados y evacuados por v\u00eda a\u00e9rea (el 12 de octubre).<\/div>\n<div class=\"Prrafo\">\nCasi al mismo tiempo que acontec\u00edan estos eventos, el franc\u00e9s Christophe Henry (38) y el chileno Juan Se\u00f1oret (36) se dirigieron al volc\u00e1n Puntiagudo (2.498 m) con la intenci\u00f3n de realizarle un descenso en esqu\u00ed por su cara norte. El martes 10 entraron a la monta\u00f1a acompa\u00f1ados de otras personas, para el mi\u00e9rcoles 11 levantarse temprano y hacer cumbre a las 07:22 horas; todo observado desde una arista cercana por quien estaba encargado de registrar la bajada, el tambi\u00e9n franc\u00e9s Mathurin Vauthier. Un poco despu\u00e9s de las 8 de la ma\u00f1ana, Henry y Se\u00f1oret partieron esquiando; al mismo tiempo, aquel adelante, este detr\u00e1s. Mientras negociaban los primeros 50 delicados metros (50 grados, con 10 cent\u00edmetros de nieve ligera sobre nieve dura) se produjo un primer incidente al ser Henry arrastrado un tanto por la nieve desplazada por Se\u00f1oret. Tras rejuntarse, se movieron en direcci\u00f3n a un paso de 15 metros que pretend\u00edan desescalar, momentos en los que Se\u00f1oret sufri\u00f3 una ca\u00edda-resbal\u00f3n y, con ello, tanto \u00e9l como Henry se vieron llevados por la nieve, agarrando velocidad por 200 metros y cayendo despu\u00e9s por sobre un resalte vertical de 150 metros. Sucesos presenciados por Vauthier, quien a pesar de acceder prontamente a donde los esquiadores yac\u00edan, no pudo evitar sus respectivos fallecimientos. Sus cuerpos fueron evacuados por helic\u00f3ptero a las 18:30 horas de ese mismo mi\u00e9rcoles.<\/div>\n<div class=\"Prrafo\">\nDos d\u00edas m\u00e1s tarde, Rodrigo Olivares (45) ascendi\u00f3 en solitario el cerro La Campana por su ruta normal, para, tras mantener comunicaci\u00f3n v\u00eda celular, desaparecer sin dejar rastro. Variados procedimientos de b\u00fasqueda revisaron por una semana el \u00e1rea sin resultados positivos, hasta que el viernes 20 sus restos fueron localizados a unos 180 metros de la cumbre, por la vertiente sur del espol\u00f3n de la Placa Darwin. Se\u00f1alando la informaci\u00f3n circunstancial recopilada que su deceso se habr\u00eda producido por una ca\u00edda mientras bajaba.<\/div>\n<div class=\"Prrafo\">\nEl s\u00e1bado 28 de ese mismo octubre, en Aguas Calientes (Antillanca), aproximadamente a las 16:00 horas el trail runner Juan Contreras ingres\u00f3 solo al sendero que lleva a la laguna Bert\u00edn, como parte de su entrenamiento para su participaci\u00f3n en una pr\u00f3xima competencia. El problema fue que las condiciones reinantes eran marginales, report\u00e1ndose a las 6 de la tarde nevadas, viento blanco y temperaturas subcero; por ello, fue notorio el hecho que Contreras no regresara y, como tampoco contestaba su tel\u00e9fono, antes de terminar la jornada ya se hab\u00eda activado un procedimiento formal en su b\u00fasqueda. Estos duraron varios d\u00edas, centr\u00e1ndose en las coordenadas obtenidas de su aparato m\u00f3vil y siendo complejas debido a las condiciones clim\u00e1ticas. Solo una semana despu\u00e9s, alrededor de las 11:30 horas del 4 de noviembre, sus restos mortales fueron localizados en el collado que se forma entre las pistas de esqu\u00ed Hayque y Don Pedro; a cota 1.400 y a unos 20 metros de la posici\u00f3n que originalmente su celular hab\u00eda se\u00f1alado.<\/div>\n<div class=\"Prrafo\">\nUn mes m\u00e1s tarde, el s\u00e1bado 25 de noviembre, varios grupos llegaron al \u00e1rea de El Yeso con el objetivo de visitar la Laguna Negra, enfrentando ellos variados problemas para cruzar un r\u00edo Yeso que se encontraba particularmente crecido. En tal contexto fue que 7 excursionistas se posicionaron en el punto que habitualmente se usa para vadearlo (a la altura de Las C\u00e1scaras), pasando primero un var\u00f3n con el extremo de una cuerda, extendi\u00e9ndose un pasamanos a lo ancho del caudal y, aproximadamente a las 10 AM, Myriam Baeza (44) intentando el cruce. Sin embargo, ella tuvo problemas para moverse debido a la corriente y, con el agua ya lleg\u00e1ndole a la cintura, en alg\u00fan punto perdi\u00f3 pie y fue arrastrada por el caudal. A pesar de los presentes ir en su auxilio, estos esfuerzos se revelaron vanos pues Baeza no podr\u00eda ser encontrada con vida, siendo sus restos localizados y extra\u00eddos horas m\u00e1s tarde por las autoridades.<\/div>\n<div class=\"Prrafo\">\nAl d\u00eda siguiente, en la madrugada del domingo 26 de noviembre, Enrique del R\u00edo (34) sali\u00f3 desde Santiago con la intenci\u00f3n de hacer la v\u00eda Caries al Diente del Diablo (3.943 m). Parti\u00f3 caminando tipo 6 AM, remont\u00f3 \u00edntegro el Caj\u00f3n de Lo Vald\u00e9s, escal\u00f3 4 largos en roca y lleg\u00f3 a la cumbre a las 16:30 horas, enviando mensajes al respecto a trav\u00e9s de su celular. Su regreso se esperaba a eso de las 10 de la noche de ese d\u00eda, pero, al no producirse, en la ma\u00f1ana del lunes 27 se desencaden\u00f3 una alarma que logr\u00f3 que un helic\u00f3ptero llegara esa misma tarde al \u00e1rea en cuesti\u00f3n, pudiendo pronto localizar el cuerpo sin vida de del R\u00edo al pie de la ruta. Los rescatistas tomaron debida nota de la posici\u00f3n y estado del equipo que hab\u00eda en el lugar, con lo cual se pudo esbozar un escenario plausible de lo ocurrido. Esto ser\u00eda que del R\u00edo habr\u00eda venido rapeleando, falt\u00e1ndole solo uno para llegar al nevero de inicio, cuando se detuvo en una terraza para cambiarse las zapatillas de escalada por las botas de monta\u00f1a que habr\u00eda dejado ah\u00ed previamente en la subida. Para ello, d\u00e1ndose varios metros de cuerda (sin salirse de ella), adem\u00e1s de anclarse corto a otro punto como precauci\u00f3n; luego, estando en el proceso de ponerse el primer zapato, algo habr\u00eda causado que del R\u00edo cayera; ya sea un desequilibrio, el impacto de una roca o la falla de alguno de los anclajes. Lo que fuese, tal inesperado desplazamiento provoc\u00f3 que la cuerda (a la cual segu\u00eda conectado) sufriera una s\u00fabita carga en aceleraci\u00f3n que habr\u00eda provocado el subsecuente colapso del resto del sistema de seguridad.<\/div>\n<div class=\"Prrafo\">\nPor esos mismos d\u00edas, se iniciaba una expedici\u00f3n comercial al cerro Marmolejo (6.108 m) constituida por Mauricio Montero, Pablo Buchbinder, Ra\u00fal Espir, Sergio Berardo e Ignacio Lucero (gu\u00eda); salvo Montero que era chileno, todos los mencionados argentinos (con Buchbinder radicado en nuestro pa\u00eds). Tras llegar el jueves 23 a Ba\u00f1os Morales, y subir como aclimataci\u00f3n el cerro Lo Vald\u00e9s (4.000 m), comenzaron la ascensi\u00f3n propiamente tal el s\u00e1bado 25 con el apoyo de mulas. No obstante, debido a la cantidad de nieve que a\u00fan hab\u00eda para la \u00e9poca, los animales no fueron capaces de subir las cargas hasta donde estaba planificado, ni tampoco el grupo pudo hacer el primer campamento que pretend\u00edan. Contratiempos que fueron replanteando el itinerario y que, en alg\u00fan momento, llevaron a Montero y Buchbinder decidir regresarse antes dado que no contaban con los d\u00edas extras necesarios para paliar tales eventualidades. Sus compa\u00f1eros continuaron (usando el inReach de Lucero para enviar reportes), llegando el mi\u00e9rcoles 29 a los 4.900 metros y con la idea de ir a la cumbre al d\u00eda siguiente. Consecuentemente, Buchbinder (que ya estaba en Santiago) esperaba que el jueves 30 llegara alguna noticia de ellos al respecto, pero como tal cosa no aconteci\u00f3, ni tampoco se supo nada a la ma\u00f1ana siguiente, en la tarde de ese mismo viernes se gatill\u00f3 la alarma.<\/div>\n<div class=\"Prrafo\">\nLas gestiones, movimientos y actores que se involucraron a continuaci\u00f3n en los procedimientos de b\u00fasqueda fueron m\u00faltiples, pero se pueden resumir en que, usando helic\u00f3pteros, el s\u00e1bado 2 de diciembre fue localizado su Campo Alto y, el lunes 4, sus cuerpos sin vida; a 5.880 metros, sobre la ruta normal, semitapados por la nieve y separados 60 metros uno del otro (Espir arriba, Lucero al medio, Berardo abajo). Y en cuanto a determinar qu\u00e9 fue lo que pas\u00f3, se puede afirmar que no fue por grietas (estaban fuera del glaciar), avalanchas (ins\u00f3litas en esa secci\u00f3n) o ca\u00eddas (los cuerpos no mostraban da\u00f1o). Las autopsias, por otro lado, se\u00f1alaron que sus muertes hab\u00edan sido por hipotermia, lo que aporta pero que es insuficiente al no decir nada acerca de las razones contribuyentes que llevaron a ello; lo cual nos obliga, una vez m\u00e1s, a entrar al cl\u00e1sico juego de las conjeturas.<\/div>\n<div class=\"Prrafo\">\nEl GPS de Lucero indicaba haber estado en la cumbre (6.108 m) a las 15:06 horas del jueves 30; el inReach, por otro lado, registr\u00f3 que a las 5 PM de ese d\u00eda (y a 5.851 metros), Lucero hab\u00eda activado el env\u00edo de un mensaje pregrabado que dec\u00eda &#8220;Estoy emprendiendo mi viaje&#8221;, un acto que se podr\u00eda asumir como de despedida y que debi\u00f3 haber sido efectuado pr\u00f3ximo a los instantes de los fallecimientos. Si usamos ambos datos como referencia, entonces se podr\u00eda esbozar la idea que les habr\u00eda tomado 2 horas descender 200 metros verticales y 700 lineales; un ritmo lento (y ya tarde en el d\u00eda) que delata que ven\u00edan o estaban enfrentando problemas de alg\u00fan tipo iniciados qui\u00e9n sabe cu\u00e1ndo, siendo lo m\u00e1s probable (dada la informaci\u00f3n circunstancial disponible) que este haya sido el mal tiempo. Uno que, adem\u00e1s, pudo haber estado potenciado (o no) por otros factores que tambi\u00e9n importan y que son de dif\u00edcil verificaci\u00f3n si es que no hay testigos; tales como el agotamiento, las carencias, los rendimientos u otros similares.<\/div>\n<div class=\"Prrafo\">\nAhora, normalmente con eso terminar\u00eda el reporte del incidente, pero de nuevo (pues tambi\u00e9n aconteci\u00f3 con el deceso de Juan Pablo Mohr en el K2) se debe criticar que, en el serio proceso de b\u00fasqueda de explicaciones realizada por los medios y las redes sociales, se haya dado espacio a las fantas\u00edas, el esoterismo y los mitos. Mediocridad que genera ruido, provoca desinformaci\u00f3n y redunda en obstruir el desarrollo de la cultura de monta\u00f1a de un pa\u00eds.<\/div>\n<div class=\"Prrafo\">\nDicho directamente, aqu\u00ed no hay cabida para reflexiones est\u00fapidas del tipo &#8220;latigazos del diablo&#8221;.<\/div>\n<div class=\"Prrafo\">\nRetomando el reporte, el s\u00e1bado 9 de diciembre Reinaldo Silva (80) sali\u00f3 temprano para realizar el circuito que lleva al cerro Provincia y termina en el Salto de Apoquindo (RM). Sin embargo, tras mantener regular comunicaci\u00f3n por celular, se perdi\u00f3 contacto con \u00e9l despu\u00e9s de las 20:47 horas. Tras lo cual se desencadenaron b\u00fasquedas que lograron el mi\u00e9rcoles 13 hallar su cuerpo sin vida en el sector de la quebrada El Maqui, presumi\u00e9ndose que habr\u00eda bajado por ah\u00ed tras acceder a la cumbre del Morro Tambor. Si bien oficialmente se estableci\u00f3 que su fallecimiento se debi\u00f3 a complicaciones card\u00edacas, se subentiende que es posible que tal situaci\u00f3n haya estada potenciada por otras causas participantes, tales como el calor, la deshidrataci\u00f3n, la edad, etc.<\/div>\n<div class=\"Prrafo\">\nPor \u00faltimo, lo acontecido el 23 de diciembre, cuando Joaqu\u00edn Chiok (61) y su hijo David (27) partieron a las 18:00 horas desde la Hacienda El Pe\u00f1\u00f3n con la intenci\u00f3n de ascender el cerro Minillas. Sin embargo, transcurridas dos horas, iniciaron el regreso al manifestar el padre inusual cansancio, uno que derivo en otros malestares (incluyendo punzadas en el costado del coraz\u00f3n), hasta que a las 20:15 horas sufri\u00f3 un desmayo. A pesar que su hijo le practic\u00f3 maniobras de reanimaci\u00f3n, Joaqu\u00edn Chiok no recuper\u00f3 la consciencia y termin\u00f3 por fallecer en alg\u00fan momento de estos eventos.<\/div>\n<div class=\"Seccin\">\nImportante, incompleto<\/div>\n<div class=\"Prrafo\">\nDe esta manera, concluye el esfuerzo por recordar los eventos fatales sucedidos en estos \u00faltimos 3 a\u00f1os. Ejercicio que es importante  mas incompleto si no va acompa\u00f1ado de otro que est\u00e9 enfocado en el an\u00e1lisis; para as\u00ed poder identificar tendencias y adquirir perspectiva acerca del fen\u00f3meno de accidentabilidad en nuestros ambientes de monta\u00f1a. Tarea que efectivamente pasaremos a realizar a continuaci\u00f3n en las siguientes entregas.<\/div>\n<div class=\"Prrafo\">\nHasta entonces. Cu\u00eddense.<\/div>\n<div class=\"Firma\">El Anticristo<\/div>\n<\/div>\n\n<!-- Facebook Like Button v1.9.6 BEGIN [http:\/\/blog.bottomlessinc.com] -->\n<iframe src=\"http:\/\/www.facebook.com\/plugins\/like.php?href=https%3A%2F%2Fwww.escalando.org%2Fanticristo%2Frecuento-de-accidentes-parte-iii-2023%2F&amp;layout=standard&amp;show_faces=true&amp;width=450&amp;action=like&amp;colorscheme=light\" scrolling=\"no\" frameborder=\"0\" allowTransparency=\"true\" style=\"border:none; overflow:hidden; width:450px; height: 100px; align: left; margin: 20px 0px 2px 0px\"><\/iframe>\n<!-- Facebook Like Button END -->\n","protected":false},"excerpt":{"rendered":"<p>Enero 2024 Finalmente, con ustedes, la \u00faltima parte de los recuentos de los accidentes fatales sucedidos en nuestros ambientes de monta\u00f1a despu\u00e9s del 2020. En esta ocasi\u00f3n, con los ocurridos en el a\u00f1o 2023. Aprovecho de comentarles a quienes llegan por primera vez a estas recopilaciones, que ellas se construyen siguiendo un conjunto de reglas [&hellip;]<\/p>\n","protected":false},"author":2,"featured_media":0,"comment_status":"open","ping_status":"closed","sticky":false,"template":"","format":"standard","meta":{"_et_pb_use_builder":"","_et_pb_old_content":"","_et_gb_content_width":"","_s2mail":"","footnotes":""},"categories":[3],"tags":[],"class_list":["post-1409","post","type-post","status-publish","format-standard","hentry","category-articulospublicados"],"_links":{"self":[{"href":"https:\/\/www.escalando.org\/anticristo\/wp-json\/wp\/v2\/posts\/1409","targetHints":{"allow":["GET"]}}],"collection":[{"href":"https:\/\/www.escalando.org\/anticristo\/wp-json\/wp\/v2\/posts"}],"about":[{"href":"https:\/\/www.escalando.org\/anticristo\/wp-json\/wp\/v2\/types\/post"}],"author":[{"embeddable":true,"href":"https:\/\/www.escalando.org\/anticristo\/wp-json\/wp\/v2\/users\/2"}],"replies":[{"embeddable":true,"href":"https:\/\/www.escalando.org\/anticristo\/wp-json\/wp\/v2\/comments?post=1409"}],"version-history":[{"count":14,"href":"https:\/\/www.escalando.org\/anticristo\/wp-json\/wp\/v2\/posts\/1409\/revisions"}],"predecessor-version":[{"id":1428,"href":"https:\/\/www.escalando.org\/anticristo\/wp-json\/wp\/v2\/posts\/1409\/revisions\/1428"}],"wp:attachment":[{"href":"https:\/\/www.escalando.org\/anticristo\/wp-json\/wp\/v2\/media?parent=1409"}],"wp:term":[{"taxonomy":"category","embeddable":true,"href":"https:\/\/www.escalando.org\/anticristo\/wp-json\/wp\/v2\/categories?post=1409"},{"taxonomy":"post_tag","embeddable":true,"href":"https:\/\/www.escalando.org\/anticristo\/wp-json\/wp\/v2\/tags?post=1409"}],"curies":[{"name":"wp","href":"https:\/\/api.w.org\/{rel}","templated":true}]}}