{"id":1398,"date":"2023-11-20T12:24:15","date_gmt":"2023-11-20T16:24:15","guid":{"rendered":"https:\/\/www.escalando.org\/anticristo\/?p=1398"},"modified":"2024-01-28T19:19:56","modified_gmt":"2024-01-28T23:19:56","slug":"recuento-de-accidentes-parte-ii-2021-2022","status":"publish","type":"post","link":"https:\/\/www.escalando.org\/anticristo\/recuento-de-accidentes-parte-ii-2021-2022\/","title":{"rendered":"Recuento de accidentes; parte II (2021-2022)"},"content":{"rendered":"<div class=\"Contenido\">\n<div id=\"Fecha\">Noviembre 2023<\/div>\n<div class=\"PrrafoPrimero\">A continuaci\u00f3n, con ustedes, la segunda parte del recuento de accidentes fatales de monta\u00f1istas, esquiadores, excursionistas y otros actores relacionados sucedidos despu\u00e9s de la publicaci\u00f3n del libro &#8220;No me olviden&#8221;. Esto es, desde el a\u00f1o 2020 en adelante.<\/div>\n<div class=\"Prrafo\">\nEn la Parte I se mencionaron las reglas, el marco de trabajo, los olvidos, las tragedias con menor vinculaci\u00f3n al fen\u00f3meno y el detalle de los incidentes del 2020. Corresponde ahora entonces continuar con tal esfuerzo, para lo cual primero mencionar\u00e9 la fe de erratas y, luego, la revisi\u00f3n de lo acontecido en los a\u00f1os 2021 y 2022.<\/div>\n<div class=\"Seccin\">\nFe de erratas<\/div>\n<div class=\"Prrafo\">\nM\u00e1s que &#8220;incorrecciones&#8221;, la entrega anterior tuvo &#8220;omisiones&#8221;. En parte, debido al &#8220;errar humanum est&#8221;, pero tambi\u00e9n porque recib\u00ed informaci\u00f3n adicional que algunos lectores me enviaron y que permiti\u00f3 completar algunos casos. Lo que a su vez me lleva a recordarles que este esfuerzo finalmente solo es posible gracias a la colaboraci\u00f3n de ustedes.<\/div>\n<div class=\"Prrafo\">\nEn rigor, se trata de 3 incidentes: un excursionista y dos extras solo mencionados aqu\u00ed para mantener la consistencia conceptual (dado que no tienen directa relaci\u00f3n con el foco del estudio).<\/div>\n<div class=\"Prrafo\">\nPrimero, lo sucedido a Fernando Y\u00e1\u00f1ez (25) el 13 de julio del 2020, qui\u00e9n sali\u00f3 a las 07:00 horas de su domicilio (Robler\u00eda, Linares) con la idea de hacer una excursi\u00f3n a los Altos de Chupallar. Su regreso se esperaba tipo 6 de la tarde, pero como tal cosa no aconteci\u00f3, las autoridades fueron notificadas, inici\u00e1ndose un operativo de b\u00fasqueda que, en la ma\u00f1ana del mi\u00e9rcoles 15, dio con su cuerpo sin vida entre las lagunas Negra y La Engorda (a cota 500). En cuanto al motivo de su deceso, aparentemente habr\u00eda sido por ca\u00edda en un sector abrupto.<\/div>\n<div class=\"Prrafo\">\nLuego est\u00e1 el fallecimiento el 14 de mayo del 2020 del arriero Luis Ubilla (57), en la zona de El Toyo, quien durante sus labores de traslado de ganado se desplom\u00f3 al suelo de forma repentina tras almorzar. A pesar que fue auxiliado por sus compa\u00f1eros de trabajo, muri\u00f3 en el lugar debido a lo que posteriormente se report\u00f3 como un &#8220;Edema pulmonar agudo cardiog\u00e9nico&#8221;.<\/div>\n<div class=\"Prrafo\">\nPor \u00faltimo, el desaparecimiento en julio del 2021 en Punta Arenas de Guadalupe Oyarz\u00fan (54). Ella se hab\u00eda internado el s\u00e1bado 10 en la Reserva Magallanes junto a su pareja Mauro Quevedo en busca de animales que se les hab\u00edan extraviado. En alg\u00fan momento tomaron distintos caminos, aunque manifestando la intenci\u00f3n de reencontrarse despu\u00e9s en su casa (ubicada a un par de kil\u00f3metros). As\u00ed lo har\u00eda Quevedo, que arrib\u00f3 en medio de escasa luz e incipiente nevaz\u00f3n, m\u00e1s no as\u00ed su compa\u00f1era. A partir de ese instante se realizaron recurrentes b\u00fasquedas que fueron infructuosas debido en parte a la dificultad que planteaba un terreno cubierto con nieve. Solo 51 d\u00edas despu\u00e9s, el mi\u00e9rcoles 1 de septiembre, sus osamentas fueron localizadas cerca de una quebrada de dif\u00edcil acceso, a unos 200 metros hacia el noreste del mirador Guardas. Posteriormente la justicia dictar\u00eda, en el 2023, que en su muerte no habr\u00eda habido intervenci\u00f3n de terceros.<\/div>\n<div class=\"Seccin\">\nRecuento a\u00f1o 2021<\/div>\n<div class=\"Prrafo\">\nCon eso establecido, entremos ahora a lo que nos convoca hoy, partiendo por lo sucedido el a\u00f1o 2021.<\/div>\n<div class=\"Prrafo\">\nEl primer caso ocurri\u00f3 el 6 de marzo, cuando el cuerpo sin vida de Nicol\u00e1s Vald\u00e9s (21) fue encontrado en la torre de alta tensi\u00f3n n\u00famero 73 en el sector de El Manzano, en las cercan\u00edas de la palestra de escalada Pared del Mota. Los diversos antecedentes recopilados dan a entender que se trat\u00f3 de un suicidio.<\/div>\n<div class=\"Prrafo\">\nUna semana despu\u00e9s, el s\u00e1bado 13, el monta\u00f1ista Sebasti\u00e1n Gonz\u00e1lez (34) descend\u00eda del cerro Leonera tras abortar por mal tiempo el intento que le realizaba. Al llegar al filo que conduce a Cancha de Carrera (alrededor de la 14:30 horas), encontr\u00f3 tirado boca arriba sobre el sendero el cuerpo de una persona que ya comenzaba a taparse con la nieve que ca\u00eda. Gonz\u00e1lez activ\u00f3 la baliza de emergencia con la cual contaba y, media hora m\u00e1s tarde, retom\u00f3 su bajada. En paralelo, la mencionada alerta satelital desencaden\u00f3 un proceso de gestiones que se concret\u00f3 en el arribo al sitio de equipos de rescate al d\u00eda siguiente (domingo 14 de marzo). La v\u00edctima fue identificada como Luis Vallejos (25), quien tambi\u00e9n estaba intentando el Leonera ese s\u00e1bado acompa\u00f1ado de un amigo pero, mientras este a 4.600 metros decidi\u00f3 no continuar debido al cansancio, Vallejos opt\u00f3 por seguir. Luego de lo cual, todo indica que en alg\u00fan punto \u00e9l tambi\u00e9n se devolvi\u00f3 ya que, para ese momento, la tormenta hab\u00eda empeorado tanto que deriv\u00f3 en tormenta el\u00e9ctrica. Mismas condiciones que inicialmente llevaron a creer y reportar que la causa del deceso de Vallejos habr\u00eda sido por impacto de un rayo. No obstante, los testimonios y lo informado por los organismos oficiales no permiten confirman ni negar tal conjetura, siendo desconocida para la comunidad hasta este instante la raz\u00f3n exacta de su fallecimiento.<\/div>\n<div class=\"Prrafo\">\nAl mes siguiente, el 20 de abril, mientras realizaba una excursi\u00f3n en la tarde al cerro Manquehue junto a colegas de trabajo, un hombre de 60 a\u00f1os de edad manifest\u00f3 dolores en el pecho y cay\u00f3 inconsciente al suelo. A pesar que relativamente pronto llegar\u00eda ayuda por parte de diversas organizaciones, esta persona no pudo ser recuperada y falleci\u00f3 en el mismo lugar.<\/div>\n<div class=\"Prrafo\">\nDos d\u00edas m\u00e1s tarde, Nicol\u00e1s Fuenzalida (33) sali\u00f3 a las 8 de la ma\u00f1ana desde Las Vegas de Rupanco (comuna de Puerto Octay) con la intenci\u00f3n de realizar una excursi\u00f3n por el d\u00eda en direcci\u00f3n suroeste, por los faldeos del volc\u00e1n Puntiagudo. Sin embargo, no lleg\u00f3 de vuelta a su hogar, sus cercanos avisaron a las autoridades y, 4 d\u00edas despu\u00e9s (mediod\u00eda del 26 de abril) \u00acsus restos fueron ubicados en las inmediaciones de una cascada; con se\u00f1as de haber sufrido una ca\u00edda por un acantilado de unos 80 metros de altura.<\/div>\n<div class=\"Prrafo\">\nEn mayo (jueves 27), Cristi\u00e1n B\u00f3rquez y Ronald Castillo, ambos de 38 a\u00f1os de edad, se perdieron en medio de condiciones atmosf\u00e9ricas marginales mientras hac\u00edan una excursi\u00f3n en el \u00e1rea de Laguna Escondida (comuna de Lonquimay). Posteriormente, en la ma\u00f1ana del s\u00e1bado 29, los procedimientos de rescate que se organizaron encontraron sus cuerpos a un par de kil\u00f3metros al sur del paso fronterizo Icalma, cerca del l\u00edmite con Argentina, report\u00e1ndose que la causa de sus muertes habr\u00eda sido la hipotermia.<\/div>\n<div class=\"Prrafo\">\nEl 7 de junio, 4 personas estaban involucradas en subir la Pir\u00e1mide de Chill\u00e1n cuando, alrededor de las 13:30 horas y mientras avanzaban con crampones en medio de nieve, uno de ellos (Alberto Concha de 29 a\u00f1os) se tropez\u00f3, experiment\u00f3 una ca\u00edda y fue a detenerse en una zona de rocas, quedando lo suficientemente mal herido como para que a la 2 de la tarde sus amigos pidieran ayuda v\u00eda telefon\u00eda m\u00f3vil. Luego, el grupo completo trat\u00f3 de seguir avanzando porque el tiempo atmosf\u00e9rico se deterioraba, con viento y bajas temperaturas, desplazamiento que, empero, solo pudieron efectuar por algunos minutos. Dos horas m\u00e1s tarde llegaron los primeros rescatistas, encontrando que el accidentado se mov\u00eda descoordinadamente y con signos vitales d\u00e9biles, por lo cual aplicaron medidas est\u00e1ndar de recuperaci\u00f3n, incluyendo RCP. No obstante, tales esmeros fueron en vano puesto que Concha muri\u00f3 en alg\u00fan momento de esa tarde.<\/div>\n<div class=\"Prrafo\">\nEn agosto, el chileno Fulvio Cartoni (69) sali\u00f3 a las 10 de la ma\u00f1ana del domingo 22 en direcci\u00f3n al morro Las Papas, ubicado entre los parques San Carlos de Apoquindo y Aguas de Ram\u00f3n (en Santiago). Cartoni no regres\u00f3 a su hogar cuando era esperado, activ\u00e1ndose una b\u00fasqueda que al d\u00eda siguiente localiz\u00f3 su cuerpo a un kil\u00f3metro de uno de los puntos de acceso al \u00e1rea. Los detalles informados inducen a pensar que su deceso se habr\u00eda producido por una ca\u00edda.<\/div>\n<div class=\"Prrafo\">\nUn mes despu\u00e9s, 8 personas (3 tripulantes y 5 pasajeros) zarparon a las 10 de la ma\u00f1ana del mi\u00e9rcoles 22 desde Punta Arenas con la intenci\u00f3n de visitar la Cruz de Froward. Tras navegar 90 kil\u00f3metros en zodiac, desembarcaron a la altura de San Juan e iniciaron la subida propiamente tal hacia el monumento. Sin embargo, al comenzar el descenso pasado el mediod\u00eda, \u00c1lvaro Millalonco (64) experiment\u00f3 un infarto card\u00edaco y acab\u00f3 por fallecer en el lugar.<\/div>\n<div class=\"Prrafo\">\nLos dos \u00faltimos incidentes del 2021 acontecieron en octubre.<\/div>\n<div class=\"Prrafo\">\nPrimero, el domingo 24 en el Caj\u00f3n del Maipo. Eran dos amigos que a las 08:15 horas iniciaron la caminata que lleva al Mirador de los C\u00f3ndores, ubicado en el kil\u00f3metro 18 de la ruta G-345. Transcurridos unos 20 minutos, uno de ellos (Julio Toledo, 61) comenz\u00f3 a sentir dolor en el pecho, a pesar de lo cual continu\u00f3 para, poco despu\u00e9s del mediod\u00eda, arribar al mencionado mirador. Estando una vez ah\u00ed, sus molestias retornaron y, mientras otras personas lo ayudaban, se desvaneci\u00f3. Se realizaron maniobras de resucitaci\u00f3n al mismo tiempo que se gestionaba la concurrencia de un helic\u00f3ptero para evacuarlo, pero tales esfuerzos no dieron frutos y Toledo muri\u00f3 a las 14:30 horas mientras era trasladado.<\/div>\n<div class=\"Prrafo\">\nEl \u00faltimo caso del a\u00f1o sucedi\u00f3 el domingo 31 (siempre en octubre), entre el portezuelo La Julia y el cerro La Cruz (\u00e1rea de R\u00edo Blanco, Quinta Regi\u00f3n). Dentro de las actividades propias de uno de los cursos de monta\u00f1a del Ejercito de Chile, el Cabo Segundo Marcelo Ben\u00edtez ven\u00eda bajando por un sendero cuando, ya sea por un tropiezo o resbal\u00f3n, perdi\u00f3 pie y, dado el peso de lo mochila, no pudo evitar una larga ca\u00edda que lo dej\u00f3 malherido. Tras ser atendido por el enfermero del curso, fue trasladado v\u00eda a\u00e9rea al Hospital Militar de Santiago, lugar donde \u00faltimamente falleci\u00f3.<\/div>\n<div class=\"Seccin\">\nRecuento a\u00f1o 2022<\/div>\n<div class=\"Prrafo\">\nEn cuanto al 2022, los dos primeros eventos sucedieron en el valle de Cocham\u00f3.<\/div>\n<div class=\"Prrafo\">\nEn la ma\u00f1ana del 13 de enero un grupo de 9 amigos sali\u00f3 desde el camping Los Manzanos (en La Junta) para hacer una excursi\u00f3n al cerro Arco\u00edris. A mitad de camino, 5 se devolvieron y 4 continuaron; luego, cuando estos \u00faltimos ven\u00edan de regreso, uno de ellos se adelant\u00f3 y se perdi\u00f3 de vista, aunque manteniendo cierta comunicaci\u00f3n a gritos con sus compa\u00f1eros. El problema fue que cuando finalmente se rejuntaron abajo, en el camping, se descubri\u00f3 que esta persona (H\u00e9ctor Astete, 25) nunca hab\u00eda llegado de vuelta. Se gener\u00f3 extra\u00f1eza y preocupaci\u00f3n, una que deriv\u00f3 en la activaci\u00f3n de un operativo de b\u00fasqueda que se extendi\u00f3 por varias semanas, hasta que el 2 de febrero sus restos mortales fueron localizados a cota 1.100. Los antecedentes investigados indican que la causa de su muerte habr\u00eda sido una ca\u00edda en altura, agravada por la subsecuente exposici\u00f3n a los elementos.<\/div>\n<div class=\"Prrafo\">\nEl segundo incidente en Cocham\u00f3 sucedi\u00f3 el 5 de abril, cuando Nicol\u00e1s Maraga\u00f1o (47), que tambi\u00e9n estaba acampando en La Junta, desarroll\u00f3 cuadros febriles que derivaron en un estado cr\u00edtico de salud. Tras darse el aviso de la emergencia alrededor de las 19:40 horas, se organiz\u00f3 una evacuaci\u00f3n aerom\u00e9dica desde el aeropuerto El Tepual; una que, si bien logr\u00f3 llegar al lugar a las 22:30, no pudo evitar que Maraga\u00f1o falleciera debido a un shock anafil\u00e1ctico.<\/div>\n<div class=\"Prrafo\">\nLuego, el 30 de junio, Leonardo Molina (21) sali\u00f3 a las 5 de la ma\u00f1ana desde San Fabi\u00e1n de Alico con la intenci\u00f3n de ascender el cerro Malalcura. Sin embargo, cerca de las 13:30 avis\u00f3 por celular que estaba bloqueado; rodeado por murallones de granito, sin poder subir o bajar, a unos 200 metros de la cumbre principal por el oeste. Carabineros fue en su ayuda, pero no pudieron acceder a \u00e9l debido a lo t\u00e9cnico del terreno y, tras establecer comunicaci\u00f3n a gritos desde la distancia, tuvieron que retirarse cuando se hizo de noche y entr\u00f3 nubosidad con viento. Otros actores al d\u00eda siguiente tambi\u00e9n realizaron infructuosos intentos de ayuda, luego de lo cual hubo mal tiempo generalizado, con nevadas de varios d\u00edas, y de Molina nunca m\u00e1s se supo. A la primavera siguiente (el 5 de noviembre) sus osamentas fueron encontradas a unos 200 metros por debajo de su \u00faltima ubicaci\u00f3n conocida, lo que hace plausible la idea que su deceso pudo haber sido no solo por la exposici\u00f3n a los elementos, sino que tambi\u00e9n por una ca\u00edda; o a una combinaci\u00f3n de ambas.<\/div>\n<div class=\"Prrafo\">\nEn el intertanto, a mediados de septiembre, el astr\u00f3nomo brit\u00e1nico Thomas Marsh (60) de la Universidad de Warwick de Reino Unido, llegaba al observatorio ESO de La Silla (regi\u00f3n de Coquimbo), con la idea de permanecer varias noches en el lugar para continuar con sus investigaciones. En dicho contexto fue que en la ma\u00f1ana del viernes 16 sali\u00f3 a hacer una excursi\u00f3n, pero, al no regresar de ella, se dio inicio a lo que despu\u00e9s se transform\u00f3 en una b\u00fasqueda formal. Esta no dio resultados positivos por semanas, hasta que el 10 de noviembre, 55 d\u00edas despu\u00e9s de v\u00e9rsele con vida por \u00faltima vez, sus restos fueron encontrados a unos 4 kil\u00f3metros de su lugar de trabajo, en un sector de quebradas de acceso poco expedito (a 1.780 metros de altitud).<\/div>\n<div class=\"Prrafo\">\nEl siguiente caso tambi\u00e9n sucedi\u00f3 en septiembre; exactamente el martes 20. Claudio Soto (33) y su pareja ven\u00edan de regreso de un trekking por el d\u00eda a la Laguna Negra. Al llegar al mismo punto que hab\u00edan utilizado en la ma\u00f1ana para pasar el r\u00edo Yeso (a la altura del refugio Las C\u00e1scaras, m\u00e1s abajo de las compuertas del embalse), encontraron su caudal m\u00e1s crecido. Abocados nuevamente a intentar su cruce, la polola experiment\u00f3 un resbal\u00f3n y, al ir Soto en su ayuda, fue ahora este quien cay\u00f3 al r\u00edo, golpe\u00e1ndose en la cabeza en el proceso y, producto de aquello, acabar perdiendo la vida.<\/div>\n<div class=\"Prrafo\">\nCinco d\u00edas m\u00e1s tarde, el domingo 25, tres militares del Destacamento de Monta\u00f1a N\u00b09 &#8220;Arauco&#8221;, el Teniente Jorge Jim\u00e9nez (29), el Cabo Primero Jaime Cayu\u00e1n (35) y el Sargento Segundo Eugenio Nilo (41) llegaron a la cumbre del Puntiagudo (2.493 m) en medio de un mal clima que, pasado el mediod\u00eda, ya era una tormenta en regla. En el descenso, aproximadamente a cota 1.700, uno de los anclajes para rapelear fall\u00f3, provocando que Cayu\u00e1n y Jim\u00e9nez cayeran al vac\u00edo y Nilo quedara aislado arriba sin las cuerdas. Dado eso, este se refugi\u00f3 en una cueva de nieve que pudo excavar y, con la radio que ten\u00eda, dio aviso de lo que estaba pasando, siendo rescatado posteriormente por un helic\u00f3ptero de la FACH en la ma\u00f1ana del martes 27. En cuanto a sus compa\u00f1eros, sus cuerpos sin vida fueron localizados 6 d\u00edas despu\u00e9s (el 1 de octubre).<\/div>\n<div class=\"Prrafo\">\nLos dos \u00faltimos eventos fatales del a\u00f1o 2022 ocurrieron, al igual que en el 2021, en octubre.<\/div>\n<div class=\"Prrafo\">\nPrimero lo sucedido el domingo 9 en la Reserva Nacional Mocho Choshuenco a Ignacio V\u00e1squez (32, Gu\u00eda UIAGM Aspirante), Annette Jequien (25, su pareja) y Crist\u00f3bal Hermosilla (35, t\u00edo de Jequien). Ellos hicieron cumbre el lunes 10, pero en el descenso, tras recorrer unos 200 metros y mientras se desplazaban encordados, experimentaron una ca\u00edda en direcci\u00f3n al glaciar Plateau. En el intertanto, e inadvertidos del accidente, tambi\u00e9n hizo cumbre otra cordada compuesta por un gu\u00eda y un extranjero; este \u00faltimo siendo quien, cuando bajaban, se desvi\u00f3 un tanto de la ruta normal para sacar una foto, con lo cual tuvo acceso visual a la otra vertiente y, con ello, pudo observar que al parecer abajo hab\u00edan algunas personas tiradas sobre la nieve. Avisaron del hecho al refugio Choshuenco, desde donde sali\u00f3 un grupo que pronto verific\u00f3 que lo se\u00f1alado era correcto; en particular, Jequiem estaba grave, V\u00e1squez hab\u00eda fallecido y Hermosilla ten\u00eda m\u00faltiples lesiones. Los operativos de rescate lograron evacuar en helic\u00f3ptero a Jequien y Hermosilla, quienes eventualmente sobrevivir\u00edan al episodio tras sendos procesos hospitalarios.<\/div>\n<div class=\"Prrafo\">\nEl \u00faltimo del a\u00f1o aconteci\u00f3 en el volc\u00e1n Llaima. La cordada compuesta por Juan Silva (57) y Diego Silva (28, su hijo) iniciaron su ascenso el domingo 30 de octubre. Tras armar campamento, hicieron cumbre al lunes 31, pero en el descenso, a unos 270 metros bajando desde la Cumbre Sur hacia el suroeste (a cota 2.700), Juan Silva sufri\u00f3 una ca\u00edda y rod\u00f3 aproximadamente 300 metros, producto de lo cual perdi\u00f3 la vida. Su hijo procedi\u00f3 a buscar ayuda, una que se concret\u00f3 en la llegada de un personal de rescate que no logr\u00f3 revertir lo sucedido.<\/div>\n<div class=\"Seccin\">\nFin Parte II<\/div>\n<div class=\"Prrafo\">Con esto concluye la segunda parte del recuento de accidentes fatales. En la siguiente, veremos lo acontecido en el a\u00f1o 2023.<\/div>\n<div class=\"Firma\">El Anticristo<\/div>\n<\/div>\n\n<!-- Facebook Like Button v1.9.6 BEGIN [http:\/\/blog.bottomlessinc.com] -->\n<iframe src=\"http:\/\/www.facebook.com\/plugins\/like.php?href=https%3A%2F%2Fwww.escalando.org%2Fanticristo%2Frecuento-de-accidentes-parte-ii-2021-2022%2F&amp;layout=standard&amp;show_faces=true&amp;width=450&amp;action=like&amp;colorscheme=light\" scrolling=\"no\" frameborder=\"0\" allowTransparency=\"true\" style=\"border:none; overflow:hidden; width:450px; height: 100px; align: left; margin: 20px 0px 2px 0px\"><\/iframe>\n<!-- Facebook Like Button END -->\n","protected":false},"excerpt":{"rendered":"<p>Noviembre 2023 A continuaci\u00f3n, con ustedes, la segunda parte del recuento de accidentes fatales de monta\u00f1istas, esquiadores, excursionistas y otros actores relacionados sucedidos despu\u00e9s de la publicaci\u00f3n del libro &#8220;No me olviden&#8221;. Esto es, desde el a\u00f1o 2020 en adelante. En la Parte I se mencionaron las reglas, el marco de trabajo, los olvidos, las [&hellip;]<\/p>\n","protected":false},"author":2,"featured_media":0,"comment_status":"open","ping_status":"closed","sticky":false,"template":"","format":"standard","meta":{"_et_pb_use_builder":"","_et_pb_old_content":"","_et_gb_content_width":"","_s2mail":"","footnotes":""},"categories":[3],"tags":[],"class_list":["post-1398","post","type-post","status-publish","format-standard","hentry","category-articulospublicados"],"_links":{"self":[{"href":"https:\/\/www.escalando.org\/anticristo\/wp-json\/wp\/v2\/posts\/1398","targetHints":{"allow":["GET"]}}],"collection":[{"href":"https:\/\/www.escalando.org\/anticristo\/wp-json\/wp\/v2\/posts"}],"about":[{"href":"https:\/\/www.escalando.org\/anticristo\/wp-json\/wp\/v2\/types\/post"}],"author":[{"embeddable":true,"href":"https:\/\/www.escalando.org\/anticristo\/wp-json\/wp\/v2\/users\/2"}],"replies":[{"embeddable":true,"href":"https:\/\/www.escalando.org\/anticristo\/wp-json\/wp\/v2\/comments?post=1398"}],"version-history":[{"count":4,"href":"https:\/\/www.escalando.org\/anticristo\/wp-json\/wp\/v2\/posts\/1398\/revisions"}],"predecessor-version":[{"id":1405,"href":"https:\/\/www.escalando.org\/anticristo\/wp-json\/wp\/v2\/posts\/1398\/revisions\/1405"}],"wp:attachment":[{"href":"https:\/\/www.escalando.org\/anticristo\/wp-json\/wp\/v2\/media?parent=1398"}],"wp:term":[{"taxonomy":"category","embeddable":true,"href":"https:\/\/www.escalando.org\/anticristo\/wp-json\/wp\/v2\/categories?post=1398"},{"taxonomy":"post_tag","embeddable":true,"href":"https:\/\/www.escalando.org\/anticristo\/wp-json\/wp\/v2\/tags?post=1398"}],"curies":[{"name":"wp","href":"https:\/\/api.w.org\/{rel}","templated":true}]}}