{"id":1390,"date":"2023-10-02T14:40:09","date_gmt":"2023-10-02T18:40:09","guid":{"rendered":"https:\/\/www.escalando.org\/anticristo\/?p=1390"},"modified":"2023-11-20T12:25:10","modified_gmt":"2023-11-20T16:25:10","slug":"recuento-de-accidentes-parte-i","status":"publish","type":"post","link":"https:\/\/www.escalando.org\/anticristo\/recuento-de-accidentes-parte-i\/","title":{"rendered":"Recuento de accidentes; parte I (2020)"},"content":{"rendered":"<div class=\"Contenido\">\n<div id=\"Fecha\">Octubre 2023<\/div>\n<div class=\"PrrafoPrimero\">Con la columna de hoy es mi intenci\u00f3n reiniciar un esfuerzo que antes era regular: recopilar aquellos accidentes fatales producidos en nuestro pa\u00eds debido a la pr\u00e1ctica de actividades tales como monta\u00f1ismo, escalada, esqu\u00ed, excursionismo u otras similares. Rese\u00f1as que antes eran publicadas cada 6 meses, pero que desde agosto del 2019 quedaron en pausa debido a la natural saturaci\u00f3n producida tras publicar el libro que precisamente analizaba tal fen\u00f3meno (&#8220;No me olviden&#8221;).<\/div>\n<div class=\"Prrafo\">\nPara quienes llegan por primera vez a estos recuentos, les comento que se trata de descripciones breves, neutrales, priorizando hechos, evitando interpretaciones, sin b\u00fasquedas de culpabilidades y, atenci\u00f3n, que esto es importante, usando como marco conceptual aquel especificado en el reci\u00e9n mencionado libro. Un conjunto de reglas, definiciones y conceptos que los invito a consultar en caso que tengan dudas acerca de c\u00f3mo la informaci\u00f3n aqu\u00ed presentada ha sido estructurada.<\/div>\n<div class=\"Prrafo\">\nSer\u00e1n 3 entregas: la primera (esta) con temas varios y los casos sucedidos en el a\u00f1o 2020; la segunda, los producidos entre enero del 2021 y junio del 2023; la tercera, el an\u00e1lisis estad\u00edstico y la identificaci\u00f3n de tendencias que tales eventos construyen.<\/div>\n<div class=\"Prrafo\">\nPor \u00faltimo, deben recordar que los datos aqu\u00ed presentados son un reflejo de un esfuerzo independiente que est\u00e1 lejos de ser completo, por lo cual solicito a ustedes que, en caso de contar con informaci\u00f3n pertinente a estos eventos, me la hagan llegar por interno.<\/div>\n<div class=\"Prrafo\">\nDe antemano, muchas gracias.<\/div>\n<div class=\"Seccin\">\nMea Culpa<\/div>\n<div class=\"Prrafo\">\nPara comenzar, es apropiado sincerar el mea culpa. Es decir, mencionar aquellos incidentes que deber\u00edan haber sido registrados en &#8220;No me olviden&#8221;, dado que sucedieron ANTES del 2019 (inclusive), pero que no fue as\u00ed debido a fallas en el proceso de investigaci\u00f3n.<\/div>\n<div class=\"Prrafo\">\nMe refiero en particular a 5 fatalidades: 2 pertenecientes al tipo de interacci\u00f3n &#8220;Explotaci\u00f3n&#8221; (un arriero y un obrero) y 3 del tipo &#8220;Aventura&#8221; (un monta\u00f1ista y dos excursionistas).<\/div>\n<div class=\"Prrafo\">\nLos de &#8220;Explotaci\u00f3n&#8221; son: uno, el arriero Oscar Urtubia (57), fallecido el 2 de noviembre del 2007, al caer unos 50 metros por la pendiente de un cerro en el sector precordillerano de Riecillo; y, dos, el deceso del obrero Octavio Acevedo (26), el 4 de enero del 2018 al interior del caj\u00f3n de Juncal, al ser impactado por rocas tras una previa tronadura que hab\u00eda dejado inestable parte de la ladera.<\/div>\n<div class=\"Prrafo\">\nEn cuanto a los casos de excursionistas, ellos acontecieron en Torres del Paine. Primero, el 4 de marzo del 2018, cuando el ciudadano checo Libor Urb\u00e1sek (53) sufri\u00f3 una ca\u00edda debido a fuertes r\u00e1fagas de viento en el sector del Salto Grande. Y, segundo, el 20 de noviembre del 2019, el fallecimiento por problemas cardiorrespiratorios de un ciudadano estadounidense de 63 a\u00f1os de edad cuando se desplazaba desde el Campamento Perro hacia el Campamento Paso como parte de una excursi\u00f3n guiada.<\/div>\n<div class=\"Prrafo\">\nEl \u00faltimo incidente que fall\u00e9 en reportar puede tener ciertas implicancias porque podr\u00eda alterar o no, dependiendo de c\u00f3mo lo miren, a lo que hist\u00f3ricamente se ha considerado las primeras v\u00edctimas nacionales en el monte Aconcagua (Ruperto Freile y Fernando Solari, en 1937). Sin embargo&#8230;<\/div>\n<div class=\"Prrafo\">\nCuatro a\u00f1os antes, Federico Skerra y Helmut Reissing (miembros del Club Alpino de Valpara\u00edso) se dirigieron a tal monta\u00f1a acompa\u00f1ados por Lance Ortiz (argentino) y Carlos Anselmi (uruguayo). Partiendo ellos el lunes 5 de febrero de 1933, estando en la tarde del martes 6 en el Campo Base y alcanzando el mi\u00e9rcoles 7 los 5.700 metros a lomo de mula; todo con la idea de intentar cumbre al d\u00eda siguiente. Pero esa noche Reissing cay\u00f3 en la inconsciencia, lo que abort\u00f3 los planes y oblig\u00f3, en medio de mal tiempo, a organizar una evacuaci\u00f3n a marchas forzadas que termin\u00f3 3 d\u00edas despu\u00e9s en el hotel Puente del Inca. Esfuerzo que no evit\u00f3 que Reissing falleciera en alg\u00fan momento de tal desplazamiento, transform\u00e1ndose as\u00ed en la tercera v\u00edctima fatal del Aconcagua. Fue enterrado en el cementerio del Andinista (a\u00fan hoy existe una cruz con su nombre), aunque desconozco si sus restos efectivamente siguen ah\u00ed.<\/div>\n<div class=\"Prrafo\">\nAhora, \u00bfd\u00f3nde est\u00e1 el detalle de esta historia?<\/div>\n<div class=\"Prrafo\">\nQue Reissing no era chileno de nacimiento, sino que un alem\u00e1n radicado en Chile.<\/div>\n<div class=\"Seccin\">\nLos que no<\/div>\n<div class=\"Prrafo\">\nAhora veamos lo que ocurri\u00f3 a partir del 2020, para lo cual, por razones de espacio y orden, es mejor no ahondar en aquellos casos que, si bien est\u00e1n incorporados al registro porque tambi\u00e9n interaccionan con nuestros ambientes de monta\u00f1a, no forman parte del grupo objetivo al cual estos reportes est\u00e1n dirigidos.<\/div>\n<div class=\"Prrafo\">\nMe refiero a las muertes de: un var\u00f3n no identificado de 62 a\u00f1os el 8 de enero del 2022 mientras hac\u00eda un trekking en el Parque Tricao (comuna de Santo Domingo); H\u00e9ctor Morales (80), el 13 de marzo del 2022, cuando participaba en una cabalgata en la Reserva Natural de \u00d1uble; una mujer de 49 a\u00f1os que falleci\u00f3 el 5 de enero del 2023 en las proximidades del puente Huilo Huilo (sector rural del lago Neltume); la del padre Guy Jonquieres Cazals (90), el 11 de enero del 2023, mientras hac\u00eda una caminata en el Parque Tricao; y el incidente de Bruno Barr\u00eda (29), el 8 de febrero del 2023, por inmersi\u00f3n, al entrar al r\u00edo Paine montado en su caballo en busca de un sombrero que se le hab\u00eda ca\u00eddo a un tercero.<\/div>\n<div class=\"Prrafo\">\nA los anteriores tambi\u00e9n hay que agregar los decesos de arrieros: Sergio Henr\u00edquez (39), el 21 de diciembre del 2020 por un paro card\u00edaco en la zona de la laguna Dial (Linares); Luis Elgueda (62), el 17 de febrero del 2022 por complicaciones de salud derivada de una hernia tras cruzar a Argentina con su ganado; Daniel Flores (42), el 17 de marzo del 2022 en las cercan\u00edas del paso fronterizo Calder\u00f3n (regi\u00f3n de Coquimbo), al caerse y ser arrastrado 100 metros por el animal que montaba; y Alirio Rojas (61), el 12 de enero del 2023, por razones m\u00e9dicas no especificadas mientras realizaba arreos en el sector de Los Caserones (comuna de Illapel).<\/div>\n<div class=\"Seccin\">\nRecuento a\u00f1o 2020<\/div>\n<div class=\"Prrafo\">\nCon las consideraciones preliminares ya desarrolladas, ahora s\u00ed pasemos a revisar en orden cronol\u00f3gico los incidentes acaecidos en el a\u00f1o 2020 que tienen una relaci\u00f3n m\u00e1s directa con nosotros.<\/div>\n<div class=\"Prrafo\">\nEl primero sucedi\u00f3 el s\u00e1bado 4 de enero al escalador chileno Felipe Z\u00fa\u00f1iga (32) en el sector del Mirador del Azul, en los alrededores de El Bols\u00f3n (Argentina). \u00c9l cay\u00f3 con cuerda dada cuando estaba por llegar a las cadenas de su ruta, para terminar golpeando su desnuda cabeza en una repisa. Tras ser bajado inconsciente, falleci\u00f3 en alg\u00fan momento de su evacuaci\u00f3n al Hospital del Bols\u00f3n.<\/div>\n<div class=\"Prrafo\">\nSeis d\u00edas despu\u00e9s, el 10 de enero, 3 ciudadanos extranjeros se dirigieron al \u00e1rea del r\u00edo Los Nevados (comuna de Puc\u00f3n) con la intenci\u00f3n de observar algunos de sus r\u00e1pidos. Eso los oblig\u00f3 a seguir una huella por terreno boscoso abrupto, durante lo cual, aproximadamente a las 14:20 horas y justo cuando estaban en una empinada pendiente, el estadounidense Randall Sonderquist (67) se resbal\u00f3 y cay\u00f3 al r\u00edo, quedando atrapado en un torbellino de agua cerca de la base de una de las cascadas. Solo pudo ser sacado media hora m\u00e1s tarde con la ayuda de m\u00e1s personas y nunca dando muestras de vida a pesar de los procedimientos de resucitaci\u00f3n que se emplearon.<\/div>\n<div class=\"Prrafo\">\nLos 3 siguientes incidentes sucedieron en Torres del Paine justo antes que acabara ese verano.<\/div>\n<div class=\"Prrafo\">\nPrimero, el 22 de febrero, cuando el alem\u00e1n Rudolf Kolbl (63) se desplom\u00f3 a los 20 minutos de haber iniciado la caminata que va desde el Hotel Las Torres hacia el Campamento Chileno. Fue asistido por el gu\u00eda de la excursi\u00f3n y un m\u00e9dico que se encontraba en el lugar, a pesar de lo cual acab\u00f3 por fallecer en el mismo sitio.<\/div>\n<div class=\"Prrafo\">\nLuego, el 5 de marzo, el fallecimiento de Jorge Pareschi (35), quien, mientras trabajaba en su profesi\u00f3n como gu\u00eda, sufri\u00f3 una falla card\u00edaca al final de la morrena que da acceso al mirador de las Torres (esto es, el valle del r\u00edo Ascencio).<\/div>\n<div class=\"Prrafo\">\nY, despu\u00e9s, lo acontecido el 17 de marzo, cuando 3 escaladores chilenos, Vicente Urz\u00faa (19), Ignacio P\u00e9rez (27) y Johan Millacahuin (19), estaban intentando la v\u00eda Monzino a la Torre Norte. Quienes, estando cerca de ya de la cumbre, (17:00 hrs), optaron por regresarse al verse envueltos en una tormenta. Mismo mal clima que les caus\u00f3 problemas al rapelear, con las cuerdas enred\u00e1ndoseles continuamente, oblig\u00e1ndolos a maniobras adicionales para liberarlas (en una de las cuales Millacahuin se golpe\u00f3 la cara) y eventualmente teniendo que acomodarse en una terraza para capear la noche. A la madrugada siguiente retomaron un descenso que a esas alturas ya ten\u00eda ribetes \u00e9picos, con el viento siendo tan fuerte que incluso al llegar al \u00faltimo rapel tuvieron que cortar las cuerdas para poder continuar; momentos precisos en los que, tras Urz\u00faa y P\u00e9rez bajar primero, Millacahu\u00edn cay\u00f3 al vac\u00edo desde lo alto. Sus compa\u00f1eros bajaron en su b\u00fasqueda, encontr\u00e1ndolo sin vida a unos 300 metros por debajo del Col Bich, luego de lo cual prosiguieron el descenso para dar aviso de lo sucedido.<\/div>\n<div class=\"Prrafo\">\nCon respecto a la causas precisas de su ca\u00edda, no est\u00e1n del todo claras, entrando al an\u00e1lisis las t\u00edpicas conjeturas que surgen en este tipo de incidentes (\u00bfmosquet\u00f3n no cerrado?, \u00bfl\u00edneas de vida no conectadas?, \u00bfdesequilibro por el viento?, etc).<\/div>\n<div class=\"Prrafo\">\nDe ah\u00ed no habr\u00eda m\u00e1s fatalidades por el resto del a\u00f1o, ciertamente una de las consecuencias de la pandemia del COVID-19 y sus cuarentenas asociadas. Hasta que llegamos a diciembre, que es cuando el chileno Juan Pablo Mohr (33) se dirigi\u00f3 a Pakist\u00e1n para intentar el monte K2 (8.611 m); la segunda de mayor altitud en el planeta y que, a esos momentos, no hab\u00eda sido ascendida en invierno por escalador alguno.<\/div>\n<div class=\"Prrafo\">\nLa historia se extendi\u00f3 por semanas y, como es habitual en este tipo de expediciones, Mohr se encontr\u00f3 en la monta\u00f1a con otros grupos internacionales; todos enfrentando problemas variados, incluyendo accidentes mortales. A pesar de lo cual, el 16 de enero del 2021 hicieron cumbre 10 nepal\u00edes (9 sherpas y 1 magar); uno de ellos sin ox\u00edgeno (logro que no pocos disputan).<\/div>\n<div class=\"Prrafo\">\nLa t\u00e1ctica que estos monta\u00f1istas usaron fue partir a la cumbre directamente del Campo III (7.350 m), sin establecer lo que es un tradicional Campo IV (8.000 m). Lo que, sin ser una obligaci\u00f3n para nadie, indirectamente predispuso a los dem\u00e1s a repetir tal estrategia. En tal contexto, Mohr inici\u00f3 su intento de cumbre al mismo tiempo que as\u00ed tambi\u00e9n lo hac\u00edan el pakistan\u00ed Ali Sadpara y el island\u00e9s John Snorri; pasando todos ellos su respectiva noche en el Campo III y luego saliendo en pos de la cima el 5 de febrero. Despu\u00e9s de lo cual no se tuvo m\u00e1s noticias de ellos, lo que con el paso de los d\u00edas y semanas fue creando la certeza que alguna desgracia deb\u00eda haber ocurrido.<\/div>\n<div class=\"Prrafo\">\nSeis meses m\u00e1s tarde, en julio del 2021, diversos equipos que actuaban en la monta\u00f1a pudieron localizar los cuerpos sin vida de los mencionados. Por un lado, a 8.300 metros (por arriba del Cuello de Botella) fueron encontrados Sadpara y Snorri; con este un poco m\u00e1s arriba que aquel. Por otro, y tras caminar 80 minutos desde el Campo IV en direcci\u00f3n a las cuerdas fijas, el ucraniano Valentyn Sypavin hall\u00f3 a Mohr aproximadamente a los 8 mil metros.<\/div>\n<div class=\"Prrafo\">\nPara explicar lo sucedido solo existe informaci\u00f3n circunstancial, que s\u00ed permite descartar algunos escenarios, pero no determinar exactamente qu\u00e9 ocurri\u00f3. Sadpara y Snorri no ten\u00edan puestas sus m\u00e1scaras de ox\u00edgeno y todo indica que ven\u00edan bajando por las cuerdas fijas (ambos escaladores conectados a ellas y con sus ascendedores guardados); en cuanto a Mohr, lo encontraron lejos del Cuello de Botella, tapado con nieve, sin mochila y con su ropa intacta. Todo pareciendo se\u00f1alar que los anteriores no se cayeron, no fueron atrapados por alguna avalancha y no experimentaron ning\u00fan tipo de &#8220;tormenta mortal de fr\u00edo&#8221; a-la-Hollywood (que no existe tal cosa).<\/div>\n<div class=\"Prrafo\">\nEn cuanto a si hicieron cumbre&#8230; a la fecha no existe evidencia de aquello.<\/div>\n<div class=\"Seccin\">\nFin Parte I<\/div>\n<div class=\"Prrafo\">Eso ser\u00eda todo por hoy. En la pr\u00f3xima entrega revisaremos los incidentes fatales sucedidos en los 5 semestres siguientes al 2020 (enero 2021 a junio 2023).<\/div>\n<div class=\"Prrafo\">\nHasta entonces. Cu\u00eddense.<\/div>\n<div class=\"Firma\">El Anticristo<\/div>\n<\/div>\n\n<!-- Facebook Like Button v1.9.6 BEGIN [http:\/\/blog.bottomlessinc.com] -->\n<iframe src=\"http:\/\/www.facebook.com\/plugins\/like.php?href=https%3A%2F%2Fwww.escalando.org%2Fanticristo%2Frecuento-de-accidentes-parte-i%2F&amp;layout=standard&amp;show_faces=true&amp;width=450&amp;action=like&amp;colorscheme=light\" scrolling=\"no\" frameborder=\"0\" allowTransparency=\"true\" style=\"border:none; overflow:hidden; width:450px; height: 100px; align: left; margin: 20px 0px 2px 0px\"><\/iframe>\n<!-- Facebook Like Button END -->\n","protected":false},"excerpt":{"rendered":"<p>Octubre 2023 Con la columna de hoy es mi intenci\u00f3n reiniciar un esfuerzo que antes era regular: recopilar aquellos accidentes fatales producidos en nuestro pa\u00eds debido a la pr\u00e1ctica de actividades tales como monta\u00f1ismo, escalada, esqu\u00ed, excursionismo u otras similares. Rese\u00f1as que antes eran publicadas cada 6 meses, pero que desde agosto del 2019 quedaron [&hellip;]<\/p>\n","protected":false},"author":2,"featured_media":0,"comment_status":"open","ping_status":"closed","sticky":false,"template":"","format":"standard","meta":{"_et_pb_use_builder":"","_et_pb_old_content":"","_et_gb_content_width":"","_s2mail":"","footnotes":""},"categories":[3],"tags":[],"class_list":["post-1390","post","type-post","status-publish","format-standard","hentry","category-articulospublicados"],"_links":{"self":[{"href":"https:\/\/www.escalando.org\/anticristo\/wp-json\/wp\/v2\/posts\/1390","targetHints":{"allow":["GET"]}}],"collection":[{"href":"https:\/\/www.escalando.org\/anticristo\/wp-json\/wp\/v2\/posts"}],"about":[{"href":"https:\/\/www.escalando.org\/anticristo\/wp-json\/wp\/v2\/types\/post"}],"author":[{"embeddable":true,"href":"https:\/\/www.escalando.org\/anticristo\/wp-json\/wp\/v2\/users\/2"}],"replies":[{"embeddable":true,"href":"https:\/\/www.escalando.org\/anticristo\/wp-json\/wp\/v2\/comments?post=1390"}],"version-history":[{"count":5,"href":"https:\/\/www.escalando.org\/anticristo\/wp-json\/wp\/v2\/posts\/1390\/revisions"}],"predecessor-version":[{"id":1401,"href":"https:\/\/www.escalando.org\/anticristo\/wp-json\/wp\/v2\/posts\/1390\/revisions\/1401"}],"wp:attachment":[{"href":"https:\/\/www.escalando.org\/anticristo\/wp-json\/wp\/v2\/media?parent=1390"}],"wp:term":[{"taxonomy":"category","embeddable":true,"href":"https:\/\/www.escalando.org\/anticristo\/wp-json\/wp\/v2\/categories?post=1390"},{"taxonomy":"post_tag","embeddable":true,"href":"https:\/\/www.escalando.org\/anticristo\/wp-json\/wp\/v2\/tags?post=1390"}],"curies":[{"name":"wp","href":"https:\/\/api.w.org\/{rel}","templated":true}]}}