{"id":1377,"date":"2022-11-09T09:51:51","date_gmt":"2022-11-09T13:51:51","guid":{"rendered":"https:\/\/www.escalando.org\/anticristo\/?p=1377"},"modified":"2023-10-02T14:43:16","modified_gmt":"2023-10-02T18:43:16","slug":"el-dia-de-la-corneta","status":"publish","type":"post","link":"https:\/\/www.escalando.org\/anticristo\/el-dia-de-la-corneta\/","title":{"rendered":"El d\u00eda de la corneta"},"content":{"rendered":"<div class=\"Contenido\">\n<div id=\"Fecha\">Noviembre 2022<\/div>\n<div class=\"PrrafoPrimero\">Mucho, pero mucho tiempo atr\u00e1s, cuando ten\u00eda pelo, testosterona y pectorales, empec\u00e9 a sospechar que, a pesar de mis esfuerzos, parec\u00eda ser que cada vez ten\u00eda menos tiempo libre para escalar y subir cerros. Lo cual me pareci\u00f3 tan raro (despu\u00e9s de todo, no ten\u00eda otras cosas de qu\u00e9 preocuparme en la vida), que me fui al computador para ver qu\u00e9 hab\u00eda hecho el \u00faltimo a\u00f1o al respecto y, as\u00ed, verificar qu\u00e9 tan cierta era tal impresi\u00f3n.<\/div>\n<div class=\"Prrafo\">\nEste fue el resultado: 3 fines de semana enfermo, 4 con mal tiempo, 3 con elecciones, 2 en las cuales mi cordada fall\u00f3 a \u00faltima hora, 3 con festividades (Navidad, A\u00f1o Nuevo, Fiestas Patrias) y 6 con problemas varios (mudanzas, aluviones, \u00f3pera, etc). Tiempo perdido sobre el cual no val\u00eda la pena amargarse porque, aproximaci\u00f3n budista, no hab\u00eda tenido control alguno sobre los eventos que lo causaron. Adem\u00e1s que, continuando con la idea de mirar el vaso medio lleno, eso significaba que hab\u00eda tenido 31 fines de semana para m\u00ed solito. \u00bfCierto?<\/div>\n<div class=\"Prrafo\">\nNo tan r\u00e1pido. A los anteriores todav\u00eda ten\u00eda que agregarle los cumplea\u00f1os, matrimonios, juntadas y&#8230; \u00a1tambi\u00e9n los santos! Estos \u00faltimos particularmente demandantes porque en mi tradicional familia se celebraban los 3 nombres de cada t\u00eda y abuela. Huelga decir que no fui a todos ellos, solo a los m\u00e1s importantes o en donde ten\u00eda la sensaci\u00f3n que me estaban sacando del testamento, pero a\u00fan as\u00ed fueron 16 s\u00e1bados y 16 domingos adicionales en los que no hab\u00eda salido. Todo lo cual redundaba en que, raya para la suma, de los \u00faltimos 52 fines de semana, para m\u00ed hab\u00edan quedado 15. Que era algo as\u00ed como&#8230; \u00bfno poco?<\/div>\n<div class=\"Prrafo\">\nNo. Olvidaba contabilizar el d\u00eda de la madre. Y el del padre. Adem\u00e1s el del amigo, la hermana, la abuela, la secretaria, el dentista, el perro, el gato y la cacat\u00faa.<\/div>\n<div class=\"Prrafo\">\nO sea, estando soltero, sin hijos y ya sabiendo que lo \u00fanico que quer\u00eda hacer en mi vida era escalar, escalar y escalar&#8230; Pues&#8230; result\u00f3 ser que en un a\u00f1o calendario \u00a1solo hab\u00eda tenido 6 fines de semana libres para ello!<\/div>\n<div class=\"Prrafo\">\nFuck.<\/div>\n<div class=\"Seccin\">\nFalsa administraci\u00f3n<\/div>\n<div class=\"Prrafo\">\nLa situaci\u00f3n anterior est\u00e1 lejos de ser una excepci\u00f3n. Por el contrario, es muy recurrente entre quienes necesitan ingentes cantidades de tiempo para mejorar en la pr\u00e1ctica de alguna actividad que amen. Dilema que transforma lo que deber\u00eda ser un limpia faceta inspiradora en una sempiterna lucha con quienes nos rodean, dej\u00e1ndonos habitualmente a la defensiva y haci\u00e9ndonos sentir casi como si fu\u00e9ramos delincuentes por el mero hecho de querer hacer aquello que nos gusta.<\/div>\n<div class=\"Prrafo\">\nY las malas noticias contin\u00faan. El c\u00e1lculo anterior es m\u00e1s bien benigno porque, por ejemplo, quienes est\u00e1n casados a\u00fan deben agregar tantos cumplea\u00f1os y fechas especiales como hermanos, parientes y amigos la media pierna traiga consigo. Y si hay hijos ni hablar; ah\u00ed s\u00ed que jodiste.<\/div>\n<div class=\"Prrafo\">\n<p>Por supuesto, la mayor parte de ustedes ya se estar\u00e1 abrigando con la tibia cobija del &#8220;a m\u00ed esto no me pasa&#8221;, porque, hey, ustedes est\u00e1n en control, \u00bfno? Son personas adultas que no deben dar explicaciones a nadie y nadie les dice lo que tienen que hacer. \u00bfCierto?<\/p>\n<\/div>\n<div class=\"Prrafo\">\n<p>Bueno&#8230; Siendo honestos, los hechos demuestran otra cosa. Con las estad\u00edsticas se\u00f1alando que el 80% de los chilenos son extremadamente pasivos en la forma de c\u00f3mo administran su tiempo libre; satur\u00e1ndoseles este con millones de burradas no propias que est\u00e1n obligados a cumplir por una y mil razones diferentes.<\/p>\n<\/div>\n<div class=\"Prrafo\">\n\u00bfCu\u00e1les estad\u00edsticas? No s\u00e9, las acabo de inventar. Pero el punto permanece: la mayor parte de la gente deja que los compromisos dicten el uso de su propio tiempo (y no al rev\u00e9s); un resultado que se da por varias razones, pero dentro de la cuales la principal es el autoenga\u00f1o de creer que administramos el tiempo de una manera soberbia&#8230; cuando en realidad lo hacemos tan mal que es como que no lo hici\u00e9ramos.<\/div>\n<div class=\"Prrafo\">\n<p>\u00bfNo me creen? OK. Entonces d\u00e9jenme mencionar un par de &#8220;obligaciones&#8221; en donde, si estuvieran realmente empoderados, perfectamente podr\u00edan dejar de lado y usarlo en algo que realmente les fuera m\u00e1s \u00fatil. Como, por ejemplo, el d\u00eda de la madre.<\/p>\n<\/div>\n<div class=\"Seccin\">\nPreocupaci\u00f3n continua, no discreta<\/div>\n<div class=\"Prrafo\">\n<p>S\u00ed, s\u00ed, s\u00ed. Ya s\u00e9. Basta mencionarlo para que inmediatamente se pongan en estado de alerta prestos a empalarme, echarme bencina y prenderme fuego. Lo cual demuestra perfecto lo exitoso que ha sido una perversa din\u00e1mica que crea una falsa dicotom\u00eda que alimenta un chantaje emocional. S\u00e1cate una frase.<\/p>\n<\/div>\n<div class=\"Prrafo\">\n<p>Partamos admitiendo que esta festividad no tiene nada de malo en s\u00ed porque, gil, \u00bfqui\u00e9n podr\u00eda estar en contra de celebrar a la madre? El problema viene por otro lado: de c\u00f3mo un d\u00eda com\u00fan y corriente se ha transformado en uno cuasi sagrado gracias a la no tan sutil presi\u00f3n de quienes se benefician con su comercializaci\u00f3n. Coalici\u00f3n de intereses que, en los hechos, crea un carro de la victoria del cual nadie puede quedarse abajo, so riesgo de ser visto como un detestable ser humano. Con la misma madre siendo v\u00edctima de una publicidad que no deja de machacarle veladamente que, si el imb\u00e9cil de su hijo o hija no se aparece ese d\u00eda con un regalo, es porque no te quiere.<\/p>\n<\/div>\n<div class=\"Prrafo\">\n<p>Dilema que no solo es falso, sino que adem\u00e1s revela estupidez social al no centrarse en el problema de fondo: que la preocupaci\u00f3n por las madres debe ser un ejercicio constante; cuando ella lo necesita y tambi\u00e9n cu\u00e1ndo no. Sin necesitad de un d\u00eda &#8220;especial&#8221; para conmemorarla. O sea, los malcriados que tratan p\u00e9simo a su mam\u00e1, sin quererla, atenderla o proveerla, \u00bfcreen que justo apareci\u00e9ndose ese ma\u00f1ana con un una cajita de bombones y unas pantuflas pajeras podr\u00e1n borrar todo lo mal obrado en los restantes 364 d\u00edas del a\u00f1o?<\/p>\n<\/div>\n<div class=\"Prrafo\">\n<p>Pero, claro, a ver qu\u00e9 te dice tu madre si es 10 de mayo y no te apareces porque andas escalando.<\/p>\n<\/div>\n<div class=\"Seccin\">\nNaftalines<\/div>\n<div class=\"Prrafo\">\n<p>Con los cumplea\u00f1os es distinto pero igual.<\/p>\n<\/div>\n<div class=\"Prrafo\">\n<p>De partida, debo admitir que nunca entend\u00ed el porqu\u00e9 de la sideral excitaci\u00f3n que estos producen, toda vez que a partir de cierta edad el asistir a uno de ellos es m\u00e1s bien motivo de llanto (no de risa) dada la creciente cantidad de arrugas, canas y rollos del celebrado y de los decr\u00e9pitos que se aparecen ese d\u00eda.<\/p>\n<\/div>\n<div class=\"Prrafo\">\n<p>Adem\u00e1s, como sabiamente Do\u00f1a Elena dec\u00eda, el asunto est\u00e1 mal planteado porque a qui\u00e9n habr\u00eda que conmemorar en tal fecha no es al sujeto en cuesti\u00f3n, sino que a su madre. A fin de cuentas es ella la que sufri\u00f3 por horas para dar luz al susodicho cabez\u00f3n tras meses de molestias, limitaciones y sobrepeso (y todo por un m\u00edsero minuto de placer&#8230; con suerte).<\/p>\n<\/div>\n<div class=\"Prrafo\">\n<p>Pero la m\u00e1s importante raz\u00f3n por la cual los cumplea\u00f1os est\u00e1n sobreevaluados, es que&#8230; no tienen nada de especial. A diferencia de lo que sucede cuando se va a escalar o subir un cerro, en donde se generan historias y epopeyas nuevas, ir a un cumplea\u00f1os es como ver una vieja pel\u00edcula en donde nada nuevo pasa y nada nuevo ocurre. Reuni\u00e9ndose los mismos tipos de siempre, para re\u00edrse de las mismas a\u00f1ejas an\u00e9cdotas y con la misma cara de simulado asombro del festejado por una fiesta sorpresa que tres meses antes ya sab\u00eda le har\u00edan. Una din\u00e1mica en donde todo huele a naftalina y, seamos honestos, en donde la alegr\u00eda tiene algo de artificial; medio obligada. En el sentido que hay que estar alegre porque, bueno, es un d\u00eda especial. Y como es un d\u00eda especial, hay que estar alegre.<\/p>\n<\/div>\n<div class=\"Prrafo\">\n<p>Cuando los verdaderos d\u00edas alegres, aquellos que uno recuerda por siempre, tienden a llegar solos. Espont\u00e1neamente.<\/p>\n<\/div>\n<div class=\"Seccin\">\nLos errores de otros<\/div>\n<div class=\"Prrafo\">\n<p>Miren, no nos vamos a ver la suerte entre gitanos aqu\u00ed. Escalar, subir cerros, realizar expediciones \u00a1o incluso el boulder! (retro Satan\u00e1s) son actividades tan vitales para quienes las realizan, que justifica plenamente considerarlas como un estilo de vida; no un &#8220;hobby&#8221;. Consecuentemente, es fundamental sincerar su importancia a quienes nos rodean si es que queremos darle sustentabilidad en el largo plazo a tales relaciones, para lo cual se ha de llevar a cabo el m\u00e1s simple y b\u00e1sico de los ejercicios: comunicarse. De verdad. Con quienes amamos, a quienes nos importan. Para crear un terreno f\u00e9rtil donde se pueda decir lo que realmente se quiere hacer y que eso no genere una hecatombe emocional en nadie; algo as\u00ed como &#8220;cari\u00f1o, te amo pero me voy al cerro ma\u00f1ana aunque sea nuestro aniversario&#8221;.<\/p>\n<\/div>\n<div class=\"Prrafo\">\n<p>Sin embargo, por supuesto, no lo que hacemos los chilenos; los campeones mundiales del buenismo. Esto es, tratar de quedar bien siempre con todos y viviendo con la ilusi\u00f3n que se puede hacer todo. Siendo que con tal postura lo \u00fanico que se logra es frustrarse, no tener desarrollo individual, vivir las vidas de otros y quedar prisionero de decisiones tontas que despu\u00e9s, ya de viejo, se lamentan.<\/p>\n<\/div>\n<div class=\"Prrafo\">\n<p>Adem\u00e1s, algo que me da rabia, estos &#8220;buenistas&#8221; olvidan que tener tiempo libre es un privilegio; no algo garantizado. Muchos no pasan por buenos momentos y no tienen las oportunidades o las holguras para ser proactivos al respecto. Familiares delicados de salud, estrecheces econ\u00f3micas, problemas laborales, amores perdidos, graves lesiones o un sin n\u00famero de otras circunstancias que golpean sin dejar alternativas. Situaciones en las cuales no hay espacio para el ocio o estas reflexiones, y en donde hay que poner el pecho al frente y luchar a brazo partido con coraje.<\/p>\n<\/div>\n<div class=\"Prrafo\">\n<p>Pero, para el resto&#8230; \u00bfNo ir a escalar ese d\u00eda porque justo se celebra el d\u00eda de la corneta?<\/p>\n<\/div>\n<div class=\"Prrafo\">\n<p>Por favor.<\/p>\n<\/div>\n<div class=\"Firma\">El Anticristo<\/p>\n<\/div>\n<\/div>\n\n<!-- Facebook Like Button v1.9.6 BEGIN [http:\/\/blog.bottomlessinc.com] -->\n<iframe src=\"http:\/\/www.facebook.com\/plugins\/like.php?href=https%3A%2F%2Fwww.escalando.org%2Fanticristo%2Fel-dia-de-la-corneta%2F&amp;layout=standard&amp;show_faces=true&amp;width=450&amp;action=like&amp;colorscheme=light\" scrolling=\"no\" frameborder=\"0\" allowTransparency=\"true\" style=\"border:none; overflow:hidden; width:450px; height: 100px; align: left; margin: 20px 0px 2px 0px\"><\/iframe>\n<!-- Facebook Like Button END -->\n","protected":false},"excerpt":{"rendered":"<p>A menos que hagamos un ejercicio consciente y expl\u00edcito, siempre seremos prisioneros de obligaciones sin sentido. <\/p>\n","protected":false},"author":2,"featured_media":0,"comment_status":"open","ping_status":"closed","sticky":false,"template":"","format":"standard","meta":{"_et_pb_use_builder":"","_et_pb_old_content":"","_et_gb_content_width":"","_s2mail":"","footnotes":""},"categories":[3],"tags":[],"class_list":["post-1377","post","type-post","status-publish","format-standard","hentry","category-articulospublicados"],"_links":{"self":[{"href":"https:\/\/www.escalando.org\/anticristo\/wp-json\/wp\/v2\/posts\/1377","targetHints":{"allow":["GET"]}}],"collection":[{"href":"https:\/\/www.escalando.org\/anticristo\/wp-json\/wp\/v2\/posts"}],"about":[{"href":"https:\/\/www.escalando.org\/anticristo\/wp-json\/wp\/v2\/types\/post"}],"author":[{"embeddable":true,"href":"https:\/\/www.escalando.org\/anticristo\/wp-json\/wp\/v2\/users\/2"}],"replies":[{"embeddable":true,"href":"https:\/\/www.escalando.org\/anticristo\/wp-json\/wp\/v2\/comments?post=1377"}],"version-history":[{"count":5,"href":"https:\/\/www.escalando.org\/anticristo\/wp-json\/wp\/v2\/posts\/1377\/revisions"}],"predecessor-version":[{"id":1383,"href":"https:\/\/www.escalando.org\/anticristo\/wp-json\/wp\/v2\/posts\/1377\/revisions\/1383"}],"wp:attachment":[{"href":"https:\/\/www.escalando.org\/anticristo\/wp-json\/wp\/v2\/media?parent=1377"}],"wp:term":[{"taxonomy":"category","embeddable":true,"href":"https:\/\/www.escalando.org\/anticristo\/wp-json\/wp\/v2\/categories?post=1377"},{"taxonomy":"post_tag","embeddable":true,"href":"https:\/\/www.escalando.org\/anticristo\/wp-json\/wp\/v2\/tags?post=1377"}],"curies":[{"name":"wp","href":"https:\/\/api.w.org\/{rel}","templated":true}]}}