{"id":1362,"date":"2022-07-10T20:22:05","date_gmt":"2022-07-11T00:22:05","guid":{"rendered":"https:\/\/www.escalando.org\/anticristo\/?p=1362"},"modified":"2024-05-20T11:19:56","modified_gmt":"2024-05-20T15:19:56","slug":"ritmo-ritmo","status":"publish","type":"post","link":"https:\/\/www.escalando.org\/anticristo\/ritmo-ritmo\/","title":{"rendered":"Ritmo, ritmo"},"content":{"rendered":"<div class=\"Contenido\">\n<div id=\"Fecha\">Julio 2022<\/div>\n<div class=\"PrrafoPrimero\">Es un d\u00eda de invierno particularmente helado, con el fr\u00edo mordiendo y escarcha en la copa de los \u00e1rboles. A pesar de lo cual&#8230; lo disfruto. Porque, salvo el canto de alg\u00fan que otro gallo y un par de flojos ladridos de perros all\u00e1 a lo lejos, la palestra est\u00e1 en silencio.<\/div>\n<div class=\"Prrafo\">\nEs en verdad una hermosa ma\u00f1ana. Nada falta, nada sobra. Incluso hasta con lo g\u00e9lido de la atm\u00f3sfera ayudando a recordar lo que es sentirse vivo. Sensaci\u00f3n que se ve reforzada cuando, al terminar las dos primeras rutas, el Sol se aparece y definitivamente entramos en ritmo. Paz, armon\u00eda, disfrute, amor. Todo lo necesario para recomponer el \u00e1nimo tras una semana estresante.<\/div>\n<div class=\"Prrafo\">\nHasta que&#8230; se aparecen dos escaladores m\u00e1s. Quienes, tras saludar de lejos, sacan un parlante de la mochila y ponen la canci\u00f3n del artista de moda; ese cuyo &#8220;arte&#8221; (mezcla de reggaeton, hip-hop y trap) se podr\u00eda entender si no fuera porque canta con una papa en la boca.<\/div>\n<div class=\"Prrafo\">\nPronto los notorios deeh-deeh-deeh-daa\u00e1h del temita retumban por el lugar, sin dejar p\u00e1jaro, rat\u00f3n o gusano indiferente. Momentos precisos en los que uno de los reci\u00e9n llegados se acerca y, con toda su buena onda de paz hippie chilena, me pregunta con profunda voz pacham\u00e1mica:<\/div>\n<div class=\"Dialogo\">\n&#8211; Heeyyy, Hermaaaano. \u00bfTe molesta si ponemos m\u00fasica?<\/div>\n<div class=\"Seccin\">\nFuerte met\u00e1fora<\/div>\n<div class=\"Prrafo\">\nO sea&#8230; O sea&#8230; O sea&#8230;<\/div>\n<div class=\"Prrafo\">\nO sea, s\u00ed imb\u00e9cil. Me molesta que llegues con tu &#8220;m\u00fasica&#8221; a arruinarme el d\u00eda. Y s\u00ed; me molesta a\u00fan m\u00e1s que a tu cerebro de mandril no se le ocurra que, si realmente te importara, me habr\u00edas preguntado ANTES de prender el parlante. Y s\u00ed; me revienta tambi\u00e9n que si llego a ser honesto (y decir que efectivamente me molesta), ahora ser\u00e9 yo el visto como el intolerante; con mis amigos mir\u00e1ndome con ojos censuradores para a continuaci\u00f3n hacerme la cl\u00e1sica pregunta de &#8220;\u00bfqu\u00e9 m\u00fasica prefieres entonces?&#8221;. Lo que es, por decir lo menos, un esperpento de l\u00f3gica porque, como sobre gustos no hay nada escrito, es imposible colocar un tema que les guste a todos todo el tiempo. Por no mencionar que ese tampoco es el asunto de fondo, porque el enojo no viene por escuchar una canci\u00f3n que no me guste, sino que por ver arruinado algo que hasta la llegada de tales energ\u00famenos era un preciado bien com\u00fan (este lugar, en silencio).<\/div>\n<div class=\"Prrafo\">\nFalta de respeto que es igual a que un tipo llegue, se tire un peo hediondo al lado m\u00edo y luego me pregunte si me molesta si se tira otro.<\/div>\n<div class=\"Seccin\">\nDe la escalada al ciclismo&#8230;<\/div>\n<div class=\"Prrafo\">\nPor supuesto, algunos argumentar\u00e1n que el hecho que el individuo en cuesti\u00f3n se haya acercado para &#8220;preguntarme&#8221;, reflejar\u00eda que existe en \u00e9l cierta noci\u00f3n de lo que son las buenas maneras&#8230;<\/div>\n<div class=\"Prrafo\">\nPero, si lo piensan bien, tal interpretaci\u00f3n no cambia en nada el car\u00e1cter de mala educaci\u00f3n de todo el asunto (ser &#8220;medio educado&#8221; no es la &#8220;mitad de educado&#8221;, es solo &#8220;menos mal educado&#8221;). Que adem\u00e1s como gesto aporta cero, porque el 90% de quienes se aparecer\u00e1n por la palestra m\u00e1s tarde pondr\u00e1n m\u00fasica igual, haciendo del lugar una feria rasca en donde cada grupo competir\u00e1 por imponer &#8220;su&#8221; tema. Sin ninguno de ellos siendo capaz de entender que el principal problema que se produce cuando hay masificaci\u00f3n, no es tanto el mal h\u00e1bito individual en s\u00ed, sino c\u00f3mo este se ve repetido tantas veces como ineptos haya (un papel higi\u00e9nico botado en el suelo pasa; 30 mil, no).<\/div>\n<div class=\"Prrafo\">\nUna tendencia que, en todo caso, no solo se est\u00e1 dando en el mundo de la escalada, sino que tambi\u00e9n se observa en otros deportes al aire libre. Con monta\u00f1istas, ciclistas o caminantes movi\u00e9ndose con parlantes prendidos porque, supongo, con ello har\u00e1n m\u00e1s intensa &#8220;su&#8221; experiencia. Claro, a costa de arruinar la de los dem\u00e1s y, de paso, crear una nueva amenaza a un ecosistema fr\u00e1gil y a un tris de la extinci\u00f3n.<\/div>\n<div class=\"Seccin\">\nY del campo a la ciudad<\/div>\n<div class=\"Prrafo\">\nEsta falta de educaci\u00f3n no es solo acerca de la m\u00fasica y tampoco exclusiva a las \u00e1reas silvestres. Las ciudades, bien lo sabemos, han demostrado ser crisoles protectores de atroces conductas en cuanto a lo que es la contaminaci\u00f3n ac\u00fastica. Los ejemplos abundan: militantes con bombos y cornetas para darle RCP a su causa, negocios con parlantes hacia la calle con la idea de aplastar la oferta de la competencia, predicadores con equipos de sonido para asegurarse que ning\u00fan pecador se les arranque, salas de espera con televisores a m\u00e1ximo volumen mostrando la insufrible letan\u00eda de los matinales, clases grupales en los gimnasios con ritmos a todo chancho para motivar a levantar el trasero \u00eddem (y despu\u00e9s se lamentan que los profes est\u00e9n sordos)&#8230; \u00a1hasta los vendedores ambulantes del metro ahora usan amplificadores!<\/div>\n<div class=\"Prrafo\">\nPero el caso que ya me termin\u00f3 por reventar, y que ilustra perfecto esta estupidez social, es la reciente costumbre de las grandes tiendas de retail por colocar en el local un tipo con un micr\u00f3fono para vociferar en tu o\u00eddo las \u00faltimas ofertas: &#8220;\u00a1SE\u00d1ORA!, \u00a1CABALLERO!; nooo olvideeee; \u00a1de ocasi\u00f3n!; \u00a1LLEVE YA!; \u00a1A SOLO TRES MIL PESOOOSSS!; calzoncillos de polar Osito Pelud\u00edn Pin P\u00edn, para que sus chicos no pasen fr\u00edo&#8221;. Gritos que hacen imposible concentrarse en lo que realmente se necesita y que, de paso, arruinan la experiencia de comprar (no me gusta decirlo de esa manera, pero eso es). Todo llevando a preguntarme si al ejecutivo con diploma MBA-UC que implement\u00f3 tal brillante iniciativa, no se le ocurri\u00f3 pensar que, por vender 3 calzoncillos jetones m\u00e1s, miles de personas dejar\u00e1n de ir a la tienda.<\/div>\n<div class=\"Prrafo\">\nSin embargo, eso no es lo peor de todo. La misma estrategia, el mismo ejecutivo y el mismo holding&#8230; \u00a1jam\u00e1s implementar\u00edan tal medida en sus locales de La Dehesa, Trapenses o Las Condes!<\/div>\n<div class=\"Prrafo\">\nLo que nos lleva a otro gran tema.<\/div>\n<div class=\"Seccin\">\nOtra fuerte met\u00e1fora<\/div>\n<div class=\"Prrafo\">\nUn creciente conjunto de literatura acad\u00e9mica est\u00e1 respaldando la noci\u00f3n que hay una relaci\u00f3n inversamente proporcional entre &#8220;educaci\u00f3n&#8221; y &#8220;ruido&#8221;. Un v\u00ednculo que ser\u00eda de car\u00e1cter tan directo que, si estuvieran disponibles los datos de la bulla que se produce en una casa, perfectamente se podr\u00eda predecir el desarrollo social de quienes la habitan (todo basado en el supuesto que, mientras m\u00e1s educado se es, m\u00e1s valor se le deber\u00eda dar al respeto por el otro).<\/div>\n<div class=\"Prrafo\">\nUna hip\u00f3tesis que, a pesar de no ser una sorpresa para cualquier persona que hubiera visto mundo, no es tan f\u00e1cil de probar debido a la compleja participaci\u00f3n de factores tales como ingreso econ\u00f3mico, grupo familiar, idioma o raza (muchos ser\u00edan ruidosos no por ser &#8220;pobres&#8221;, sino por pertenecer a una cultura m\u00e1s &#8220;exuberante&#8221;). No obstante, tras depurar, filtrar e interpretar, la correlaci\u00f3n explicada surge n\u00edtida: la contaminaci\u00f3n ac\u00fastica tiene un gradiente social que ubica, en su extremo mayor, a los menos aventajados (dicho en chileno, los cumas meten ruido).<\/div>\n<div class=\"Prrafo\">\nPor supuesto, se entiende que lo anterior no implica que tales grupos son los que generan esc\u00e1ndalo o sean necesariamente a los que les guste m\u00e1s la estridencia (t\u00edpicamente la m\u00fasica, especialmente Arjona). En muchas ocasiones, es nada m\u00e1s porque tales sectores no tienen opciones para influenciar el desarrollo urbano de su entorno. A diferencia de los grupos socioecon\u00f3micos m\u00e1s pudientes, quienes s\u00ed tienen el dinero y poder para desplazar hacia otras comunidades aquellos proyectos que les son vistos como indeseables (basureros, c\u00e1rceles, boulders). Con lo cual se contin\u00faa el ciclo de agravar desigualdades, destruir oportunidades y perpetuar problemas (el metro en los barrios altos es subterr\u00e1neo; en los dem\u00e1s, superficial).<\/div>\n<div class=\"Prrafo\">\n\u00bfEl ruido? El ruido es solo una tontera m\u00e1s dentro de la tontera general.<\/div>\n<div class=\"Seccin\">\nAl final, siempre es el respeto<\/div>\n<div class=\"Prrafo\">\nAhora (mal de muchos, consuelo de tontos), el descrito problema es tan universal que ni siquiera las naciones m\u00e1s avanzadas han podido resolverlo. Solo por mencionar un ejemplo, en la misma Europa el 15% de la poblaci\u00f3n est\u00e1 expuesta constantemente a un ruido que, seg\u00fan la OMS, ya es da\u00f1ino para la salud humana (por sobre los 55 decibeles). Con nuestro pa\u00eds siguiendo su a\u00f1eja tradici\u00f3n de copiar para quedar a medio camino; como con la m\u00fasica, en donde lo aceptable socialmente es pedir que esta no sea fuerte, cuando en rigor lo correcto ser\u00eda que no se pudiera colocar (\u00bfrecuerdan ese cartel en los buses que dec\u00eda algo as\u00ed como que se pod\u00eda poner la radio siempre y cuando no molestara?).<\/div>\n<div class=\"Prrafo\">\nBlah, blah, blah&#8230;. Mucha elaboraci\u00f3n para algo que en realidad es m\u00e1s bien simple. Yo no estoy abogando aqu\u00ed por la imposici\u00f3n del retiro mon\u00e1stico como estilo de vida, ni tampoco estoy predicando acerca de la bondad de participar en meditaciones de 10 d\u00edas con yoga, ayahuasca y silencio para as\u00ed poder ver como las piedras crecen. No. Es otra cosa lo que planteo: que colocar m\u00fasica al lado de una persona es una falta de respeto. Per se. Tangos o rancheras, antigua o moderna, fuerte o baja, preguntes o no. El acto en s\u00ed es agresivo y revelador de una grosera carencia de educaci\u00f3n en quien lo acomete. Una consideraci\u00f3n que cualquier persona &#8220;razonable&#8221; tendr\u00eda presente, pero que por razones que se me escapan&#8230; a los chilenos no les da para entenderlo.<\/div>\n<div class=\"Prrafo\">\nPor eso, tarado, me da lo mismo tu vida, tus problemas y tus gustos; si te quieres reventar los t\u00edmpanos y vivir el resto de tu vida con sordera o tinnitus, all\u00e1 t\u00fa. Pero, por favor, la pr\u00f3xima vez que quieras escuchar tu ritmo inspirador para llegar al siguiente plano mientras escalas, caminas o pedaleas, no te acerques a preguntarme si me molesta la canci\u00f3n de aquel rapero que habla de revoluci\u00f3n desde su casa con helipuerto. Simplemente metete la mano al bolsillo y&#8230; \u00a1PONTE AUD\u00cdFONOS!<\/div>\n<div class=\"Prrafo\">Imb\u00e9cil.<\/div>\n<div class=\"Firma\">El Anticristo<br \/>\n<a href=\"mailto:anticristo@aruficax.cl\">anticristo@aruficax.cl<\/a><\/div>\n<\/div>\n\n<!-- Facebook Like Button v1.9.6 BEGIN [http:\/\/blog.bottomlessinc.com] -->\n<iframe src=\"http:\/\/www.facebook.com\/plugins\/like.php?href=https%3A%2F%2Fwww.escalando.org%2Fanticristo%2Fritmo-ritmo%2F&amp;layout=standard&amp;show_faces=true&amp;width=450&amp;action=like&amp;colorscheme=light\" scrolling=\"no\" frameborder=\"0\" allowTransparency=\"true\" style=\"border:none; overflow:hidden; width:450px; height: 100px; align: left; margin: 20px 0px 2px 0px\"><\/iframe>\n<!-- Facebook Like Button END -->\n","protected":false},"excerpt":{"rendered":"<p>C\u00f3mo el acto de llegar y colocar m\u00fasica dice mucho de c\u00f3mo realmente eres.<\/p>\n","protected":false},"author":2,"featured_media":0,"comment_status":"open","ping_status":"closed","sticky":false,"template":"","format":"standard","meta":{"_et_pb_use_builder":"","_et_pb_old_content":"","_et_gb_content_width":"","_s2mail":"","footnotes":""},"categories":[3],"tags":[],"class_list":["post-1362","post","type-post","status-publish","format-standard","hentry","category-articulospublicados"],"_links":{"self":[{"href":"https:\/\/www.escalando.org\/anticristo\/wp-json\/wp\/v2\/posts\/1362","targetHints":{"allow":["GET"]}}],"collection":[{"href":"https:\/\/www.escalando.org\/anticristo\/wp-json\/wp\/v2\/posts"}],"about":[{"href":"https:\/\/www.escalando.org\/anticristo\/wp-json\/wp\/v2\/types\/post"}],"author":[{"embeddable":true,"href":"https:\/\/www.escalando.org\/anticristo\/wp-json\/wp\/v2\/users\/2"}],"replies":[{"embeddable":true,"href":"https:\/\/www.escalando.org\/anticristo\/wp-json\/wp\/v2\/comments?post=1362"}],"version-history":[{"count":9,"href":"https:\/\/www.escalando.org\/anticristo\/wp-json\/wp\/v2\/posts\/1362\/revisions"}],"predecessor-version":[{"id":1374,"href":"https:\/\/www.escalando.org\/anticristo\/wp-json\/wp\/v2\/posts\/1362\/revisions\/1374"}],"wp:attachment":[{"href":"https:\/\/www.escalando.org\/anticristo\/wp-json\/wp\/v2\/media?parent=1362"}],"wp:term":[{"taxonomy":"category","embeddable":true,"href":"https:\/\/www.escalando.org\/anticristo\/wp-json\/wp\/v2\/categories?post=1362"},{"taxonomy":"post_tag","embeddable":true,"href":"https:\/\/www.escalando.org\/anticristo\/wp-json\/wp\/v2\/tags?post=1362"}],"curies":[{"name":"wp","href":"https:\/\/api.w.org\/{rel}","templated":true}]}}